{"id":15959,"date":"2026-04-28T09:21:21","date_gmt":"2026-04-28T07:21:21","guid":{"rendered":"https:\/\/romeinternational.it\/it\/?p=15959"},"modified":"2026-04-28T09:21:23","modified_gmt":"2026-04-28T07:21:23","slug":"rock-in-roma","status":"publish","type":"post","link":"https:\/\/romeinternational.it\/it\/2026\/04\/28\/rock-in-roma\/","title":{"rendered":"Rock in Roma"},"content":{"rendered":"\n<p>Ritorna la consueta kermesse estiva che porter\u00e0 a Roma diverse rockstar nazionali e internazionali. Il rock al centro per ballare e scatenarsi al ritmo delle note delle pi\u00f9 importanti popstar. Il festival durer\u00e0 dal 9 giugno al 18 luglio (si aprir\u00e0 con gli Offspring per chiudersi con i Bluvertigo).<\/p>\n\n\n\n<p>Per conoscere il programma e la lineup clicca <a href=\"https:\/\/rockinroma.com\/\">QUI<\/a><\/p>\n\n\n\n<p><\/p>\n","protected":false},"excerpt":{"rendered":"<p>Ritorna la consueta kermesse estiva che porter\u00e0 a Roma diverse rockstar nazionali e internazionali. Il rock al centro per ballare e scatenarsi al ritmo delle note delle pi\u00f9 importanti popstar. Il festival durer\u00e0 dal 9 giugno al 18 luglio (si aprir\u00e0 con gli Offspring per chiudersi con i Bluvertigo). Per conoscere il programma e la [&#8230;]\n","protected":false},"author":1,"featured_media":15960,"comment_status":"closed","ping_status":"closed","sticky":false,"template":"","format":"standard","meta":{"footnotes":""},"categories":[138],"tags":[199,139,2494],"class_list":["post-15959","post","type-post","status-publish","format-standard","has-post-thumbnail","hentry","category-notizie","tag-musica","tag-notiziehome","tag-rock-in-roma"],"yoast_head":"<!-- This site is optimized with the Yoast SEO plugin v27.3 - https:\/\/yoast.com\/product\/yoast-seo-wordpress\/ -->\n<title>Rock in Roma - Rome International<\/title>\n<meta name=\"description\" content=\"Ritorna la consueta kermesse estiva che porter\u00e0 a Roma diverse rockstar nazionali e internazionali. Il rock al centro per ballare e scatenarsi al ritmo delle note delle pi\u00f9 importanti popstar.\" \/>\n<meta name=\"robots\" content=\"index, follow, max-snippet:-1, max-image-preview:large, max-video-preview:-1\" \/>\n<link rel=\"canonical\" href=\"https:\/\/romeinternational.it\/it\/2026\/04\/28\/rock-in-roma\/\" \/>\n<meta property=\"og:locale\" content=\"it_IT\" \/>\n<meta property=\"og:type\" content=\"article\" \/>\n<meta property=\"og:title\" content=\"Rock in Roma - Rome International\" \/>\n<meta property=\"og:description\" content=\"Ritorna la consueta kermesse estiva che porter\u00e0 a Roma diverse rockstar nazionali e internazionali. Il rock al centro per ballare e scatenarsi al ritmo delle note delle pi\u00f9 importanti popstar.\" \/>\n<meta property=\"og:url\" content=\"https:\/\/romeinternational.it\/it\/2026\/04\/28\/rock-in-roma\/\" \/>\n<meta property=\"og:site_name\" content=\"Rome International\" \/>\n<meta property=\"article:published_time\" content=\"2026-04-28T07:21:21+00:00\" \/>\n<meta property=\"article:modified_time\" content=\"2026-04-28T07:21:23+00:00\" \/>\n<meta property=\"og:image\" content=\"https:\/\/romeinternational.it\/it\/wp-content\/uploads\/2026\/04\/rock-in-roma-2026-line-up-date-biglietti.jpg\" \/>\n\t<meta property=\"og:image:width\" content=\"1200\" \/>\n\t<meta property=\"og:image:height\" content=\"720\" \/>\n\t<meta property=\"og:image:type\" content=\"image\/jpeg\" \/>\n<meta name=\"author\" content=\"wp_admin@wm1\" \/>\n<meta name=\"twitter:card\" content=\"summary_large_image\" \/>\n<meta name=\"twitter:label1\" content=\"Scritto da\" \/>\n\t<meta name=\"twitter:data1\" content=\"wp_admin@wm1\" \/>\n\t<meta name=\"twitter:label2\" content=\"Tempo di lettura stimato\" \/>\n\t<meta name=\"twitter:data2\" content=\"1 minuto\" \/>\n<script type=\"application\/ld+json\" class=\"yoast-schema-graph\">{\"@context\":\"https:\\\/\\\/schema.org\",\"@graph\":[{\"@type\":\"Article\",\"@id\":\"https:\\\/\\\/romeinternational.it\\\/it\\\/2026\\\/04\\\/28\\\/rock-in-roma\\\/#article\",\"isPartOf\":{\"@id\":\"https:\\\/\\\/romeinternational.it\\\/it\\\/2026\\\/04\\\/28\\\/rock-in-roma\\\/\"},\"author\":{\"name\":\"wp_admin@wm1\",\"@id\":\"https:\\\/\\\/romeinternational.it\\\/it\\\/#\\\/schema\\\/person\\\/e953fcf3dfd11fac68b39be646caaff5\"},\"headline\":\"Rock in Roma\",\"datePublished\":\"2026-04-28T07:21:21+00:00\",\"dateModified\":\"2026-04-28T07:21:23+00:00\",\"mainEntityOfPage\":{\"@id\":\"https:\\\/\\\/romeinternational.it\\\/it\\\/2026\\\/04\\\/28\\\/rock-in-roma\\\/\"},\"wordCount\":59,\"publisher\":{\"@id\":\"https:\\\/\\\/romeinternational.it\\\/it\\\/#organization\"},\"image\":{\"@id\":\"https:\\\/\\\/romeinternational.it\\\/it\\\/2026\\\/04\\\/28\\\/rock-in-roma\\\/#primaryimage\"},\"thumbnailUrl\":\"https:\\\/\\\/romeinternational.it\\\/it\\\/wp-content\\\/uploads\\\/2026\\\/04\\\/rock-in-roma-2026-line-up-date-biglietti.jpg\",\"keywords\":[\"Musica\",\"Notiziehome\",\"Rock in Roma\"],\"articleSection\":[\"Notizie\"],\"inLanguage\":\"it-IT\"},{\"@type\":\"WebPage\",\"@id\":\"https:\\\/\\\/romeinternational.it\\\/it\\\/2026\\\/04\\\/28\\\/rock-in-roma\\\/\",\"url\":\"https:\\\/\\\/romeinternational.it\\\/it\\\/2026\\\/04\\\/28\\\/rock-in-roma\\\/\",\"name\":\"Rock in Roma - Rome International\",\"isPartOf\":{\"@id\":\"https:\\\/\\\/romeinternational.it\\\/it\\\/#website\"},\"primaryImageOfPage\":{\"@id\":\"https:\\\/\\\/romeinternational.it\\\/it\\\/2026\\\/04\\\/28\\\/rock-in-roma\\\/#primaryimage\"},\"image\":{\"@id\":\"https:\\\/\\\/romeinternational.it\\\/it\\\/2026\\\/04\\\/28\\\/rock-in-roma\\\/#primaryimage\"},\"thumbnailUrl\":\"https:\\\/\\\/romeinternational.it\\\/it\\\/wp-content\\\/uploads\\\/2026\\\/04\\\/rock-in-roma-2026-line-up-date-biglietti.jpg\",\"datePublished\":\"2026-04-28T07:21:21+00:00\",\"dateModified\":\"2026-04-28T07:21:23+00:00\",\"description\":\"Ritorna la consueta kermesse estiva che porter\u00e0 a Roma diverse rockstar nazionali e internazionali. Il rock al centro per ballare e scatenarsi al ritmo delle note delle pi\u00f9 importanti popstar.\",\"breadcrumb\":{\"@id\":\"https:\\\/\\\/romeinternational.it\\\/it\\\/2026\\\/04\\\/28\\\/rock-in-roma\\\/#breadcrumb\"},\"inLanguage\":\"it-IT\",\"potentialAction\":[{\"@type\":\"ReadAction\",\"target\":[\"https:\\\/\\\/romeinternational.it\\\/it\\\/2026\\\/04\\\/28\\\/rock-in-roma\\\/\"]}]},{\"@type\":\"ImageObject\",\"inLanguage\":\"it-IT\",\"@id\":\"https:\\\/\\\/romeinternational.it\\\/it\\\/2026\\\/04\\\/28\\\/rock-in-roma\\\/#primaryimage\",\"url\":\"https:\\\/\\\/romeinternational.it\\\/it\\\/wp-content\\\/uploads\\\/2026\\\/04\\\/rock-in-roma-2026-line-up-date-biglietti.jpg\",\"contentUrl\":\"https:\\\/\\\/romeinternational.it\\\/it\\\/wp-content\\\/uploads\\\/2026\\\/04\\\/rock-in-roma-2026-line-up-date-biglietti.jpg\",\"width\":1200,\"height\":720},{\"@type\":\"BreadcrumbList\",\"@id\":\"https:\\\/\\\/romeinternational.it\\\/it\\\/2026\\\/04\\\/28\\\/rock-in-roma\\\/#breadcrumb\",\"itemListElement\":[{\"@type\":\"ListItem\",\"position\":1,\"name\":\"Home\",\"item\":\"https:\\\/\\\/romeinternational.it\\\/it\\\/\"},{\"@type\":\"ListItem\",\"position\":2,\"name\":\"Rock in Roma\"}]},{\"@type\":\"WebSite\",\"@id\":\"https:\\\/\\\/romeinternational.it\\\/it\\\/#website\",\"url\":\"https:\\\/\\\/romeinternational.it\\\/it\\\/\",\"name\":\"Rome International\",\"description\":\"La guida agli eventi nella capitale\",\"publisher\":{\"@id\":\"https:\\\/\\\/romeinternational.it\\\/it\\\/#organization\"},\"potentialAction\":[{\"@type\":\"SearchAction\",\"target\":{\"@type\":\"EntryPoint\",\"urlTemplate\":\"https:\\\/\\\/romeinternational.it\\\/it\\\/?s={search_term_string}\"},\"query-input\":{\"@type\":\"PropertyValueSpecification\",\"valueRequired\":true,\"valueName\":\"search_term_string\"}}],\"inLanguage\":\"it-IT\"},{\"@type\":\"Organization\",\"@id\":\"https:\\\/\\\/romeinternational.it\\\/it\\\/#organization\",\"name\":\"Planet Diplomacy srls\",\"url\":\"https:\\\/\\\/romeinternational.it\\\/it\\\/\",\"logo\":{\"@type\":\"ImageObject\",\"inLanguage\":\"it-IT\",\"@id\":\"https:\\\/\\\/romeinternational.it\\\/it\\\/#\\\/schema\\\/logo\\\/image\\\/\",\"url\":\"https:\\\/\\\/romeinternational.it\\\/it\\\/wp-content\\\/uploads\\\/2021\\\/09\\\/Rome-Int-1440-1.png\",\"contentUrl\":\"https:\\\/\\\/romeinternational.it\\\/it\\\/wp-content\\\/uploads\\\/2021\\\/09\\\/Rome-Int-1440-1.png\",\"width\":1440,\"height\":270,\"caption\":\"Planet Diplomacy srls\"},\"image\":{\"@id\":\"https:\\\/\\\/romeinternational.it\\\/it\\\/#\\\/schema\\\/logo\\\/image\\\/\"}},{\"@type\":\"Person\",\"@id\":\"https:\\\/\\\/romeinternational.it\\\/it\\\/#\\\/schema\\\/person\\\/e953fcf3dfd11fac68b39be646caaff5\",\"name\":\"wp_admin@wm1\",\"sameAs\":[\"https:\\\/\\\/romeinternational.it\\\/it\"],\"url\":\"https:\\\/\\\/romeinternational.it\\\/it\\\/author\\\/wp_adminwm1\\\/\"}]}<\/script>\n<!-- \/ Yoast SEO plugin. -->","yoast_head_json":{"title":"Rock in Roma - Rome International","description":"Ritorna la consueta kermesse estiva che porter\u00e0 a Roma diverse rockstar nazionali e internazionali. Il rock al centro per ballare e scatenarsi al ritmo delle note delle pi\u00f9 importanti popstar.","robots":{"index":"index","follow":"follow","max-snippet":"max-snippet:-1","max-image-preview":"max-image-preview:large","max-video-preview":"max-video-preview:-1"},"canonical":"https:\/\/romeinternational.it\/it\/2026\/04\/28\/rock-in-roma\/","og_locale":"it_IT","og_type":"article","og_title":"Rock in Roma - Rome International","og_description":"Ritorna la consueta kermesse estiva che porter\u00e0 a Roma diverse rockstar nazionali e internazionali. Il rock al centro per ballare e scatenarsi al ritmo delle note delle pi\u00f9 importanti popstar.","og_url":"https:\/\/romeinternational.it\/it\/2026\/04\/28\/rock-in-roma\/","og_site_name":"Rome International","article_published_time":"2026-04-28T07:21:21+00:00","article_modified_time":"2026-04-28T07:21:23+00:00","og_image":[{"width":1200,"height":720,"url":"https:\/\/romeinternational.it\/it\/wp-content\/uploads\/2026\/04\/rock-in-roma-2026-line-up-date-biglietti.jpg","type":"image\/jpeg"}],"author":"wp_admin@wm1","twitter_card":"summary_large_image","twitter_misc":{"Scritto da":"wp_admin@wm1","Tempo di lettura stimato":"1 minuto"},"schema":{"@context":"https:\/\/schema.org","@graph":[{"@type":"Article","@id":"https:\/\/romeinternational.it\/it\/2026\/04\/28\/rock-in-roma\/#article","isPartOf":{"@id":"https:\/\/romeinternational.it\/it\/2026\/04\/28\/rock-in-roma\/"},"author":{"name":"wp_admin@wm1","@id":"https:\/\/romeinternational.it\/it\/#\/schema\/person\/e953fcf3dfd11fac68b39be646caaff5"},"headline":"Rock in Roma","datePublished":"2026-04-28T07:21:21+00:00","dateModified":"2026-04-28T07:21:23+00:00","mainEntityOfPage":{"@id":"https:\/\/romeinternational.it\/it\/2026\/04\/28\/rock-in-roma\/"},"wordCount":59,"publisher":{"@id":"https:\/\/romeinternational.it\/it\/#organization"},"image":{"@id":"https:\/\/romeinternational.it\/it\/2026\/04\/28\/rock-in-roma\/#primaryimage"},"thumbnailUrl":"https:\/\/romeinternational.it\/it\/wp-content\/uploads\/2026\/04\/rock-in-roma-2026-line-up-date-biglietti.jpg","keywords":["Musica","Notiziehome","Rock in Roma"],"articleSection":["Notizie"],"inLanguage":"it-IT"},{"@type":"WebPage","@id":"https:\/\/romeinternational.it\/it\/2026\/04\/28\/rock-in-roma\/","url":"https:\/\/romeinternational.it\/it\/2026\/04\/28\/rock-in-roma\/","name":"Rock in Roma - Rome International","isPartOf":{"@id":"https:\/\/romeinternational.it\/it\/#website"},"primaryImageOfPage":{"@id":"https:\/\/romeinternational.it\/it\/2026\/04\/28\/rock-in-roma\/#primaryimage"},"image":{"@id":"https:\/\/romeinternational.it\/it\/2026\/04\/28\/rock-in-roma\/#primaryimage"},"thumbnailUrl":"https:\/\/romeinternational.it\/it\/wp-content\/uploads\/2026\/04\/rock-in-roma-2026-line-up-date-biglietti.jpg","datePublished":"2026-04-28T07:21:21+00:00","dateModified":"2026-04-28T07:21:23+00:00","description":"Ritorna la consueta kermesse estiva che porter\u00e0 a Roma diverse rockstar nazionali e internazionali. Il rock al centro per ballare e scatenarsi al ritmo delle note delle pi\u00f9 importanti popstar.","breadcrumb":{"@id":"https:\/\/romeinternational.it\/it\/2026\/04\/28\/rock-in-roma\/#breadcrumb"},"inLanguage":"it-IT","potentialAction":[{"@type":"ReadAction","target":["https:\/\/romeinternational.it\/it\/2026\/04\/28\/rock-in-roma\/"]}]},{"@type":"ImageObject","inLanguage":"it-IT","@id":"https:\/\/romeinternational.it\/it\/2026\/04\/28\/rock-in-roma\/#primaryimage","url":"https:\/\/romeinternational.it\/it\/wp-content\/uploads\/2026\/04\/rock-in-roma-2026-line-up-date-biglietti.jpg","contentUrl":"https:\/\/romeinternational.it\/it\/wp-content\/uploads\/2026\/04\/rock-in-roma-2026-line-up-date-biglietti.jpg","width":1200,"height":720},{"@type":"BreadcrumbList","@id":"https:\/\/romeinternational.it\/it\/2026\/04\/28\/rock-in-roma\/#breadcrumb","itemListElement":[{"@type":"ListItem","position":1,"name":"Home","item":"https:\/\/romeinternational.it\/it\/"},{"@type":"ListItem","position":2,"name":"Rock in Roma"}]},{"@type":"WebSite","@id":"https:\/\/romeinternational.it\/it\/#website","url":"https:\/\/romeinternational.it\/it\/","name":"Rome International","description":"La guida agli eventi nella capitale","publisher":{"@id":"https:\/\/romeinternational.it\/it\/#organization"},"potentialAction":[{"@type":"SearchAction","target":{"@type":"EntryPoint","urlTemplate":"https:\/\/romeinternational.it\/it\/?s={search_term_string}"},"query-input":{"@type":"PropertyValueSpecification","valueRequired":true,"valueName":"search_term_string"}}],"inLanguage":"it-IT"},{"@type":"Organization","@id":"https:\/\/romeinternational.it\/it\/#organization","name":"Planet Diplomacy srls","url":"https:\/\/romeinternational.it\/it\/","logo":{"@type":"ImageObject","inLanguage":"it-IT","@id":"https:\/\/romeinternational.it\/it\/#\/schema\/logo\/image\/","url":"https:\/\/romeinternational.it\/it\/wp-content\/uploads\/2021\/09\/Rome-Int-1440-1.png","contentUrl":"https:\/\/romeinternational.it\/it\/wp-content\/uploads\/2021\/09\/Rome-Int-1440-1.png","width":1440,"height":270,"caption":"Planet Diplomacy srls"},"image":{"@id":"https:\/\/romeinternational.it\/it\/#\/schema\/logo\/image\/"}},{"@type":"Person","@id":"https:\/\/romeinternational.it\/it\/#\/schema\/person\/e953fcf3dfd11fac68b39be646caaff5","name":"wp_admin@wm1","sameAs":["https:\/\/romeinternational.it\/it"],"url":"https:\/\/romeinternational.it\/it\/author\/wp_adminwm1\/"}]}},"_links":{"self":[{"href":"https:\/\/romeinternational.it\/it\/wp-json\/wp\/v2\/posts\/15959","targetHints":{"allow":["GET"]}}],"collection":[{"href":"https:\/\/romeinternational.it\/it\/wp-json\/wp\/v2\/posts"}],"about":[{"href":"https:\/\/romeinternational.it\/it\/wp-json\/wp\/v2\/types\/post"}],"author":[{"embeddable":true,"href":"https:\/\/romeinternational.it\/it\/wp-json\/wp\/v2\/users\/1"}],"replies":[{"embeddable":true,"href":"https:\/\/romeinternational.it\/it\/wp-json\/wp\/v2\/comments?post=15959"}],"version-history":[{"count":1,"href":"https:\/\/romeinternational.it\/it\/wp-json\/wp\/v2\/posts\/15959\/revisions"}],"predecessor-version":[{"id":15961,"href":"https:\/\/romeinternational.it\/it\/wp-json\/wp\/v2\/posts\/15959\/revisions\/15961"}],"wp:featuredmedia":[{"embeddable":true,"href":"https:\/\/romeinternational.it\/it\/wp-json\/wp\/v2\/media\/15960"}],"wp:attachment":[{"href":"https:\/\/romeinternational.it\/it\/wp-json\/wp\/v2\/media?parent=15959"}],"wp:term":[{"taxonomy":"category","embeddable":true,"href":"https:\/\/romeinternational.it\/it\/wp-json\/wp\/v2\/categories?post=15959"},{"taxonomy":"post_tag","embeddable":true,"href":"https:\/\/romeinternational.it\/it\/wp-json\/wp\/v2\/tags?post=15959"}],"curies":[{"name":"wp","href":"https:\/\/api.w.org\/{rel}","templated":true}]}}