{"id":15942,"date":"2026-04-27T09:39:36","date_gmt":"2026-04-27T07:39:36","guid":{"rendered":"https:\/\/romeinternational.it\/it\/?p=15942"},"modified":"2026-04-27T09:39:39","modified_gmt":"2026-04-27T07:39:39","slug":"posto-vacante-consigliere-multilaterale-presso-lambasciata-danese-a-roma","status":"publish","type":"post","link":"https:\/\/romeinternational.it\/it\/2026\/04\/27\/posto-vacante-consigliere-multilaterale-presso-lambasciata-danese-a-roma\/","title":{"rendered":"Posto vacante &#8211; Consigliere multilaterale presso l&#8217;Ambasciata danese a Roma"},"content":{"rendered":"\n<p>L&#8217;Ambasciata danese a Roma \u00e8 alla ricerca di un consulente per la FAO da inserire nel nostro Dipartimento Multilaterale. La posizione per la quale si potr\u00e0 applicare \u00e8 quella di nuovo Consigliere per la FAO.<\/p>\n\n\n\n<p>Poich\u00e9 la Danimarca assumer\u00e0 il seggio nordico nel Consiglio dell&#8217;Organizzazione delle Nazioni Unite per l&#8217;Alimentazione e l&#8217;Agricoltura (FAO) il 1\u00b0 luglio 2026, \u00e8 stata istituita una nuova posizione presso l&#8217;Ambasciata di Danimarca a Roma. La responsabilit\u00e0 principale per la politica danese nei confronti della FAO spetta al Ministero dell&#8217;Alimentazione, dell&#8217;Agricoltura e della Pesca danese, tuttavia, il lavoro quotidiano \u00e8 svolto dall&#8217;Ambasciata di Danimarca in Italia.<\/p>\n\n\n\n<p>Per applicare e saperne di pi\u00f9 cliccate <a href=\"https:\/\/um.dk\/italien\/nyheder\/vacancy-multilateral-adviser-at-the-danish-embassy-in-rome\/\">QUI<\/a><\/p>\n","protected":false},"excerpt":{"rendered":"<p>L&#8217;Ambasciata danese a Roma \u00e8 alla ricerca di un consulente per la FAO da inserire nel nostro Dipartimento Multilaterale. La posizione per la quale si potr\u00e0 applicare \u00e8 quella di nuovo Consigliere per la FAO. Poich\u00e9 la Danimarca assumer\u00e0 il seggio nordico nel Consiglio dell&#8217;Organizzazione delle Nazioni Unite per l&#8217;Alimentazione e l&#8217;Agricoltura (FAO) il 1\u00b0 [&#8230;]\n","protected":false},"author":1,"featured_media":15943,"comment_status":"closed","ping_status":"closed","sticky":false,"template":"","format":"standard","meta":{"footnotes":""},"categories":[138],"tags":[450,1366,1480,139],"class_list":["post-15942","post","type-post","status-publish","format-standard","has-post-thumbnail","hentry","category-notizie","tag-danimarca","tag-diplomazia","tag-lavoro","tag-notiziehome"],"yoast_head":"<!-- This site is optimized with the Yoast SEO plugin v27.3 - https:\/\/yoast.com\/product\/yoast-seo-wordpress\/ -->\n<title>Posto vacante - Consigliere multilaterale presso l&#039;Ambasciata danese a Roma - Rome International<\/title>\n<meta name=\"description\" content=\"L&#039;Ambasciata danese a Roma \u00e8 alla ricerca di un consulente per la FAO da inserire nel nostro Dipartimento Multilaterale. La posizione per la quale si potr\u00e0 applicare \u00e8 quella di nuovo Consigliere per la FAO.\" \/>\n<meta name=\"robots\" content=\"index, follow, max-snippet:-1, max-image-preview:large, max-video-preview:-1\" \/>\n<link rel=\"canonical\" href=\"https:\/\/romeinternational.it\/it\/2026\/04\/27\/posto-vacante-consigliere-multilaterale-presso-lambasciata-danese-a-roma\/\" \/>\n<meta property=\"og:locale\" content=\"it_IT\" \/>\n<meta property=\"og:type\" content=\"article\" \/>\n<meta property=\"og:title\" content=\"Posto vacante - Consigliere multilaterale presso l&#039;Ambasciata danese a Roma - Rome International\" \/>\n<meta property=\"og:description\" content=\"L&#039;Ambasciata danese a Roma \u00e8 alla ricerca di un consulente per la FAO da inserire nel nostro Dipartimento Multilaterale. La posizione per la quale si potr\u00e0 applicare \u00e8 quella di nuovo Consigliere per la FAO.\" \/>\n<meta property=\"og:url\" content=\"https:\/\/romeinternational.it\/it\/2026\/04\/27\/posto-vacante-consigliere-multilaterale-presso-lambasciata-danese-a-roma\/\" \/>\n<meta property=\"og:site_name\" content=\"Rome International\" \/>\n<meta property=\"article:published_time\" content=\"2026-04-27T07:39:36+00:00\" \/>\n<meta property=\"article:modified_time\" content=\"2026-04-27T07:39:39+00:00\" \/>\n<meta property=\"og:image\" content=\"https:\/\/romeinternational.it\/it\/wp-content\/uploads\/2026\/04\/1776690078097.jpg\" \/>\n\t<meta property=\"og:image:width\" content=\"1080\" \/>\n\t<meta property=\"og:image:height\" content=\"1350\" \/>\n\t<meta property=\"og:image:type\" content=\"image\/jpeg\" \/>\n<meta name=\"author\" content=\"wp_admin@wm1\" \/>\n<meta name=\"twitter:card\" content=\"summary_large_image\" \/>\n<meta name=\"twitter:label1\" content=\"Scritto da\" \/>\n\t<meta name=\"twitter:data1\" content=\"wp_admin@wm1\" \/>\n\t<meta name=\"twitter:label2\" content=\"Tempo di lettura stimato\" \/>\n\t<meta name=\"twitter:data2\" content=\"1 minuto\" \/>\n<script type=\"application\/ld+json\" class=\"yoast-schema-graph\">{\"@context\":\"https:\\\/\\\/schema.org\",\"@graph\":[{\"@type\":\"Article\",\"@id\":\"https:\\\/\\\/romeinternational.it\\\/it\\\/2026\\\/04\\\/27\\\/posto-vacante-consigliere-multilaterale-presso-lambasciata-danese-a-roma\\\/#article\",\"isPartOf\":{\"@id\":\"https:\\\/\\\/romeinternational.it\\\/it\\\/2026\\\/04\\\/27\\\/posto-vacante-consigliere-multilaterale-presso-lambasciata-danese-a-roma\\\/\"},\"author\":{\"name\":\"wp_admin@wm1\",\"@id\":\"https:\\\/\\\/romeinternational.it\\\/it\\\/#\\\/schema\\\/person\\\/e953fcf3dfd11fac68b39be646caaff5\"},\"headline\":\"Posto vacante &#8211; Consigliere multilaterale presso l&#8217;Ambasciata danese a Roma\",\"datePublished\":\"2026-04-27T07:39:36+00:00\",\"dateModified\":\"2026-04-27T07:39:39+00:00\",\"mainEntityOfPage\":{\"@id\":\"https:\\\/\\\/romeinternational.it\\\/it\\\/2026\\\/04\\\/27\\\/posto-vacante-consigliere-multilaterale-presso-lambasciata-danese-a-roma\\\/\"},\"wordCount\":121,\"publisher\":{\"@id\":\"https:\\\/\\\/romeinternational.it\\\/it\\\/#organization\"},\"image\":{\"@id\":\"https:\\\/\\\/romeinternational.it\\\/it\\\/2026\\\/04\\\/27\\\/posto-vacante-consigliere-multilaterale-presso-lambasciata-danese-a-roma\\\/#primaryimage\"},\"thumbnailUrl\":\"https:\\\/\\\/romeinternational.it\\\/it\\\/wp-content\\\/uploads\\\/2026\\\/04\\\/1776690078097.jpg\",\"keywords\":[\"Danimarca\",\"Diplomazia\",\"Lavoro\",\"Notiziehome\"],\"articleSection\":[\"Notizie\"],\"inLanguage\":\"it-IT\"},{\"@type\":\"WebPage\",\"@id\":\"https:\\\/\\\/romeinternational.it\\\/it\\\/2026\\\/04\\\/27\\\/posto-vacante-consigliere-multilaterale-presso-lambasciata-danese-a-roma\\\/\",\"url\":\"https:\\\/\\\/romeinternational.it\\\/it\\\/2026\\\/04\\\/27\\\/posto-vacante-consigliere-multilaterale-presso-lambasciata-danese-a-roma\\\/\",\"name\":\"Posto vacante - Consigliere multilaterale presso l'Ambasciata danese a Roma - Rome International\",\"isPartOf\":{\"@id\":\"https:\\\/\\\/romeinternational.it\\\/it\\\/#website\"},\"primaryImageOfPage\":{\"@id\":\"https:\\\/\\\/romeinternational.it\\\/it\\\/2026\\\/04\\\/27\\\/posto-vacante-consigliere-multilaterale-presso-lambasciata-danese-a-roma\\\/#primaryimage\"},\"image\":{\"@id\":\"https:\\\/\\\/romeinternational.it\\\/it\\\/2026\\\/04\\\/27\\\/posto-vacante-consigliere-multilaterale-presso-lambasciata-danese-a-roma\\\/#primaryimage\"},\"thumbnailUrl\":\"https:\\\/\\\/romeinternational.it\\\/it\\\/wp-content\\\/uploads\\\/2026\\\/04\\\/1776690078097.jpg\",\"datePublished\":\"2026-04-27T07:39:36+00:00\",\"dateModified\":\"2026-04-27T07:39:39+00:00\",\"description\":\"L'Ambasciata danese a Roma \u00e8 alla ricerca di un consulente per la FAO da inserire nel nostro Dipartimento Multilaterale. La posizione per la quale si potr\u00e0 applicare \u00e8 quella di nuovo Consigliere per la FAO.\",\"breadcrumb\":{\"@id\":\"https:\\\/\\\/romeinternational.it\\\/it\\\/2026\\\/04\\\/27\\\/posto-vacante-consigliere-multilaterale-presso-lambasciata-danese-a-roma\\\/#breadcrumb\"},\"inLanguage\":\"it-IT\",\"potentialAction\":[{\"@type\":\"ReadAction\",\"target\":[\"https:\\\/\\\/romeinternational.it\\\/it\\\/2026\\\/04\\\/27\\\/posto-vacante-consigliere-multilaterale-presso-lambasciata-danese-a-roma\\\/\"]}]},{\"@type\":\"ImageObject\",\"inLanguage\":\"it-IT\",\"@id\":\"https:\\\/\\\/romeinternational.it\\\/it\\\/2026\\\/04\\\/27\\\/posto-vacante-consigliere-multilaterale-presso-lambasciata-danese-a-roma\\\/#primaryimage\",\"url\":\"https:\\\/\\\/romeinternational.it\\\/it\\\/wp-content\\\/uploads\\\/2026\\\/04\\\/1776690078097.jpg\",\"contentUrl\":\"https:\\\/\\\/romeinternational.it\\\/it\\\/wp-content\\\/uploads\\\/2026\\\/04\\\/1776690078097.jpg\",\"width\":1080,\"height\":1350},{\"@type\":\"BreadcrumbList\",\"@id\":\"https:\\\/\\\/romeinternational.it\\\/it\\\/2026\\\/04\\\/27\\\/posto-vacante-consigliere-multilaterale-presso-lambasciata-danese-a-roma\\\/#breadcrumb\",\"itemListElement\":[{\"@type\":\"ListItem\",\"position\":1,\"name\":\"Home\",\"item\":\"https:\\\/\\\/romeinternational.it\\\/it\\\/\"},{\"@type\":\"ListItem\",\"position\":2,\"name\":\"Posto vacante &#8211; Consigliere multilaterale presso l&#8217;Ambasciata danese a Roma\"}]},{\"@type\":\"WebSite\",\"@id\":\"https:\\\/\\\/romeinternational.it\\\/it\\\/#website\",\"url\":\"https:\\\/\\\/romeinternational.it\\\/it\\\/\",\"name\":\"Rome International\",\"description\":\"La guida agli eventi nella capitale\",\"publisher\":{\"@id\":\"https:\\\/\\\/romeinternational.it\\\/it\\\/#organization\"},\"potentialAction\":[{\"@type\":\"SearchAction\",\"target\":{\"@type\":\"EntryPoint\",\"urlTemplate\":\"https:\\\/\\\/romeinternational.it\\\/it\\\/?s={search_term_string}\"},\"query-input\":{\"@type\":\"PropertyValueSpecification\",\"valueRequired\":true,\"valueName\":\"search_term_string\"}}],\"inLanguage\":\"it-IT\"},{\"@type\":\"Organization\",\"@id\":\"https:\\\/\\\/romeinternational.it\\\/it\\\/#organization\",\"name\":\"Planet Diplomacy srls\",\"url\":\"https:\\\/\\\/romeinternational.it\\\/it\\\/\",\"logo\":{\"@type\":\"ImageObject\",\"inLanguage\":\"it-IT\",\"@id\":\"https:\\\/\\\/romeinternational.it\\\/it\\\/#\\\/schema\\\/logo\\\/image\\\/\",\"url\":\"https:\\\/\\\/romeinternational.it\\\/it\\\/wp-content\\\/uploads\\\/2021\\\/09\\\/Rome-Int-1440-1.png\",\"contentUrl\":\"https:\\\/\\\/romeinternational.it\\\/it\\\/wp-content\\\/uploads\\\/2021\\\/09\\\/Rome-Int-1440-1.png\",\"width\":1440,\"height\":270,\"caption\":\"Planet Diplomacy srls\"},\"image\":{\"@id\":\"https:\\\/\\\/romeinternational.it\\\/it\\\/#\\\/schema\\\/logo\\\/image\\\/\"}},{\"@type\":\"Person\",\"@id\":\"https:\\\/\\\/romeinternational.it\\\/it\\\/#\\\/schema\\\/person\\\/e953fcf3dfd11fac68b39be646caaff5\",\"name\":\"wp_admin@wm1\",\"sameAs\":[\"https:\\\/\\\/romeinternational.it\\\/it\"],\"url\":\"https:\\\/\\\/romeinternational.it\\\/it\\\/author\\\/wp_adminwm1\\\/\"}]}<\/script>\n<!-- \/ Yoast SEO plugin. -->","yoast_head_json":{"title":"Posto vacante - Consigliere multilaterale presso l'Ambasciata danese a Roma - Rome International","description":"L'Ambasciata danese a Roma \u00e8 alla ricerca di un consulente per la FAO da inserire nel nostro Dipartimento Multilaterale. La posizione per la quale si potr\u00e0 applicare \u00e8 quella di nuovo Consigliere per la FAO.","robots":{"index":"index","follow":"follow","max-snippet":"max-snippet:-1","max-image-preview":"max-image-preview:large","max-video-preview":"max-video-preview:-1"},"canonical":"https:\/\/romeinternational.it\/it\/2026\/04\/27\/posto-vacante-consigliere-multilaterale-presso-lambasciata-danese-a-roma\/","og_locale":"it_IT","og_type":"article","og_title":"Posto vacante - Consigliere multilaterale presso l'Ambasciata danese a Roma - Rome International","og_description":"L'Ambasciata danese a Roma \u00e8 alla ricerca di un consulente per la FAO da inserire nel nostro Dipartimento Multilaterale. La posizione per la quale si potr\u00e0 applicare \u00e8 quella di nuovo Consigliere per la FAO.","og_url":"https:\/\/romeinternational.it\/it\/2026\/04\/27\/posto-vacante-consigliere-multilaterale-presso-lambasciata-danese-a-roma\/","og_site_name":"Rome International","article_published_time":"2026-04-27T07:39:36+00:00","article_modified_time":"2026-04-27T07:39:39+00:00","og_image":[{"width":1080,"height":1350,"url":"https:\/\/romeinternational.it\/it\/wp-content\/uploads\/2026\/04\/1776690078097.jpg","type":"image\/jpeg"}],"author":"wp_admin@wm1","twitter_card":"summary_large_image","twitter_misc":{"Scritto da":"wp_admin@wm1","Tempo di lettura stimato":"1 minuto"},"schema":{"@context":"https:\/\/schema.org","@graph":[{"@type":"Article","@id":"https:\/\/romeinternational.it\/it\/2026\/04\/27\/posto-vacante-consigliere-multilaterale-presso-lambasciata-danese-a-roma\/#article","isPartOf":{"@id":"https:\/\/romeinternational.it\/it\/2026\/04\/27\/posto-vacante-consigliere-multilaterale-presso-lambasciata-danese-a-roma\/"},"author":{"name":"wp_admin@wm1","@id":"https:\/\/romeinternational.it\/it\/#\/schema\/person\/e953fcf3dfd11fac68b39be646caaff5"},"headline":"Posto vacante &#8211; Consigliere multilaterale presso l&#8217;Ambasciata danese a Roma","datePublished":"2026-04-27T07:39:36+00:00","dateModified":"2026-04-27T07:39:39+00:00","mainEntityOfPage":{"@id":"https:\/\/romeinternational.it\/it\/2026\/04\/27\/posto-vacante-consigliere-multilaterale-presso-lambasciata-danese-a-roma\/"},"wordCount":121,"publisher":{"@id":"https:\/\/romeinternational.it\/it\/#organization"},"image":{"@id":"https:\/\/romeinternational.it\/it\/2026\/04\/27\/posto-vacante-consigliere-multilaterale-presso-lambasciata-danese-a-roma\/#primaryimage"},"thumbnailUrl":"https:\/\/romeinternational.it\/it\/wp-content\/uploads\/2026\/04\/1776690078097.jpg","keywords":["Danimarca","Diplomazia","Lavoro","Notiziehome"],"articleSection":["Notizie"],"inLanguage":"it-IT"},{"@type":"WebPage","@id":"https:\/\/romeinternational.it\/it\/2026\/04\/27\/posto-vacante-consigliere-multilaterale-presso-lambasciata-danese-a-roma\/","url":"https:\/\/romeinternational.it\/it\/2026\/04\/27\/posto-vacante-consigliere-multilaterale-presso-lambasciata-danese-a-roma\/","name":"Posto vacante - Consigliere multilaterale presso l'Ambasciata danese a Roma - Rome International","isPartOf":{"@id":"https:\/\/romeinternational.it\/it\/#website"},"primaryImageOfPage":{"@id":"https:\/\/romeinternational.it\/it\/2026\/04\/27\/posto-vacante-consigliere-multilaterale-presso-lambasciata-danese-a-roma\/#primaryimage"},"image":{"@id":"https:\/\/romeinternational.it\/it\/2026\/04\/27\/posto-vacante-consigliere-multilaterale-presso-lambasciata-danese-a-roma\/#primaryimage"},"thumbnailUrl":"https:\/\/romeinternational.it\/it\/wp-content\/uploads\/2026\/04\/1776690078097.jpg","datePublished":"2026-04-27T07:39:36+00:00","dateModified":"2026-04-27T07:39:39+00:00","description":"L'Ambasciata danese a Roma \u00e8 alla ricerca di un consulente per la FAO da inserire nel nostro Dipartimento Multilaterale. La posizione per la quale si potr\u00e0 applicare \u00e8 quella di nuovo Consigliere per la FAO.","breadcrumb":{"@id":"https:\/\/romeinternational.it\/it\/2026\/04\/27\/posto-vacante-consigliere-multilaterale-presso-lambasciata-danese-a-roma\/#breadcrumb"},"inLanguage":"it-IT","potentialAction":[{"@type":"ReadAction","target":["https:\/\/romeinternational.it\/it\/2026\/04\/27\/posto-vacante-consigliere-multilaterale-presso-lambasciata-danese-a-roma\/"]}]},{"@type":"ImageObject","inLanguage":"it-IT","@id":"https:\/\/romeinternational.it\/it\/2026\/04\/27\/posto-vacante-consigliere-multilaterale-presso-lambasciata-danese-a-roma\/#primaryimage","url":"https:\/\/romeinternational.it\/it\/wp-content\/uploads\/2026\/04\/1776690078097.jpg","contentUrl":"https:\/\/romeinternational.it\/it\/wp-content\/uploads\/2026\/04\/1776690078097.jpg","width":1080,"height":1350},{"@type":"BreadcrumbList","@id":"https:\/\/romeinternational.it\/it\/2026\/04\/27\/posto-vacante-consigliere-multilaterale-presso-lambasciata-danese-a-roma\/#breadcrumb","itemListElement":[{"@type":"ListItem","position":1,"name":"Home","item":"https:\/\/romeinternational.it\/it\/"},{"@type":"ListItem","position":2,"name":"Posto vacante &#8211; Consigliere multilaterale presso l&#8217;Ambasciata danese a Roma"}]},{"@type":"WebSite","@id":"https:\/\/romeinternational.it\/it\/#website","url":"https:\/\/romeinternational.it\/it\/","name":"Rome International","description":"La guida agli eventi nella capitale","publisher":{"@id":"https:\/\/romeinternational.it\/it\/#organization"},"potentialAction":[{"@type":"SearchAction","target":{"@type":"EntryPoint","urlTemplate":"https:\/\/romeinternational.it\/it\/?s={search_term_string}"},"query-input":{"@type":"PropertyValueSpecification","valueRequired":true,"valueName":"search_term_string"}}],"inLanguage":"it-IT"},{"@type":"Organization","@id":"https:\/\/romeinternational.it\/it\/#organization","name":"Planet Diplomacy srls","url":"https:\/\/romeinternational.it\/it\/","logo":{"@type":"ImageObject","inLanguage":"it-IT","@id":"https:\/\/romeinternational.it\/it\/#\/schema\/logo\/image\/","url":"https:\/\/romeinternational.it\/it\/wp-content\/uploads\/2021\/09\/Rome-Int-1440-1.png","contentUrl":"https:\/\/romeinternational.it\/it\/wp-content\/uploads\/2021\/09\/Rome-Int-1440-1.png","width":1440,"height":270,"caption":"Planet Diplomacy srls"},"image":{"@id":"https:\/\/romeinternational.it\/it\/#\/schema\/logo\/image\/"}},{"@type":"Person","@id":"https:\/\/romeinternational.it\/it\/#\/schema\/person\/e953fcf3dfd11fac68b39be646caaff5","name":"wp_admin@wm1","sameAs":["https:\/\/romeinternational.it\/it"],"url":"https:\/\/romeinternational.it\/it\/author\/wp_adminwm1\/"}]}},"_links":{"self":[{"href":"https:\/\/romeinternational.it\/it\/wp-json\/wp\/v2\/posts\/15942","targetHints":{"allow":["GET"]}}],"collection":[{"href":"https:\/\/romeinternational.it\/it\/wp-json\/wp\/v2\/posts"}],"about":[{"href":"https:\/\/romeinternational.it\/it\/wp-json\/wp\/v2\/types\/post"}],"author":[{"embeddable":true,"href":"https:\/\/romeinternational.it\/it\/wp-json\/wp\/v2\/users\/1"}],"replies":[{"embeddable":true,"href":"https:\/\/romeinternational.it\/it\/wp-json\/wp\/v2\/comments?post=15942"}],"version-history":[{"count":1,"href":"https:\/\/romeinternational.it\/it\/wp-json\/wp\/v2\/posts\/15942\/revisions"}],"predecessor-version":[{"id":15944,"href":"https:\/\/romeinternational.it\/it\/wp-json\/wp\/v2\/posts\/15942\/revisions\/15944"}],"wp:featuredmedia":[{"embeddable":true,"href":"https:\/\/romeinternational.it\/it\/wp-json\/wp\/v2\/media\/15943"}],"wp:attachment":[{"href":"https:\/\/romeinternational.it\/it\/wp-json\/wp\/v2\/media?parent=15942"}],"wp:term":[{"taxonomy":"category","embeddable":true,"href":"https:\/\/romeinternational.it\/it\/wp-json\/wp\/v2\/categories?post=15942"},{"taxonomy":"post_tag","embeddable":true,"href":"https:\/\/romeinternational.it\/it\/wp-json\/wp\/v2\/tags?post=15942"}],"curies":[{"name":"wp","href":"https:\/\/api.w.org\/{rel}","templated":true}]}}