{"id":15089,"date":"2025-09-01T16:03:06","date_gmt":"2025-09-01T14:03:06","guid":{"rendered":"https:\/\/romeinternational.it\/it\/?p=15089"},"modified":"2025-09-01T16:07:27","modified_gmt":"2025-09-01T14:07:27","slug":"villa-medici-apre-il-suo-concorso-annuale-per-selezionare-i-sedici-borsisti","status":"publish","type":"post","link":"https:\/\/romeinternational.it\/it\/2025\/09\/01\/villa-medici-apre-il-suo-concorso-annuale-per-selezionare-i-sedici-borsisti\/","title":{"rendered":"Villa Medici apre il suo concorso annuale per selezionare i sedici borsisti\u00a0"},"content":{"rendered":"\n<p>Residenza d\u2019artista, centro artistico multidisciplinare e sito storico con un patrimonio di sette ettari, l\u2019Accademia di Francia a Roma &#8211; Villa Medici accoglie ogni anno pi\u00f9 di&nbsp;<strong>70 artisti, creatori, autori e ricercatori<\/strong>&nbsp;per soggiorni di varia durata, tra cui&nbsp;<strong>16 borsisti in residenza per un anno.<\/strong><\/p>\n\n\n\n<p>Dal&nbsp;<strong>4 settembre&nbsp;<\/strong>al&nbsp;<strong>15 ottobre 2025<\/strong>, l\u2019Accademia di Francia a Roma lancia un concorso per selezionare i sedici borsisti che, a partire dal settembre 2026, trascorreranno 12 mesi a Villa Medici a Roma per una residenza di creazione, sperimentazione e ricerca.<\/p>\n\n\n\n<p>Il concorso si rivolge ad&nbsp;<strong>artisti,<\/strong>&nbsp;<strong>autori e autrici, ricercatori e ricercatrici affermati in ogni ambito artistico.<\/strong>&nbsp;Tra le discipline selezionate vi sono infatti musica e letteratura, architettura e design, arti plastiche e visive, coreografia, regia teatrale, storia e teoria dell\u2019arte e restauro di opere d\u2019arte. Non vi sono limitazioni sulle nazionalit\u00e0 dei candidati ma \u00e8 richiesta una buona conoscenza della lingua francese.<\/p>\n\n\n\n<p>Al termine del concorso, scandito da una preselezione dei dossier e da un colloquio, saranno selezionati&nbsp;<strong>sedici figure professionali<\/strong>&nbsp;che prenderanno residenza a Villa Medici&nbsp;<strong>dal settembre 2026 all\u2019agosto 2027.<\/strong><\/p>\n\n\n\n<p>Durante il proprio soggiorno in Villa, ogni candidato selezionato riceve una borsa di studio, un alloggio e uno spazio di lavoro, oltre al supporto artistico e tecnico del team dell\u2019Accademia. I borsisti prescelti sono incoraggiati a partecipare alla vita collettiva e alla programmazione artistica di Villa Medici e vengono regolarmente invitati ad incontrare professionisti dell\u2019arte in svariati contesti culturali.<\/p>\n\n\n\n<p>Situata sulla collina del Pincio a Roma, nel cuore di una capitale europea ed artistica unica, Villa Medici \u00e8 un luogo di vita e di lavoro per i suoi borsisti fin dal 1803.<\/p>\n\n\n\n<p><strong>Come candidarsi<\/strong><\/p>\n\n\n\n<p>Le candidature devono essere inviate tra le&nbsp;<strong>ore 12:00 (mezzogiorno) di gioved\u00ec 4 settembre 2025 e le ore 12:00 (mezzogiorno) di mercoled\u00ec 15 ottobre 2025<\/strong>, esclusivamente tramite la seguente piattaforma online dedicata al concorso:<\/p>\n\n\n\n<p>I candidati devono aver compiuto il diciottesimo anno di et\u00e0 alla data di chiusura del bando.<\/p>\n\n\n\n<p>Le fasi di preselezione, colloquio e selezione saranno svolte da una giuria composta da otto personalit\u00e0. Dopo i colloqui, la giuria deliberer\u00e0 e stiler\u00e0 una lista di candidati idonei. I borsisti sono nominati per un periodo di 12 mesi.<\/p>\n\n\n\n<p>Il regolamento del concorso, i requisiti di candidatura e la relazione della giuria dell\u2019anno precedente possono essere consultati sul sito web dell\u2019Accademia di Francia a Roma &#8211; Villa Medici al seguente link:<\/p>\n\n\n\n<p>Per ulteriori informazioni sul concorso per la selezione dei borsisti:<\/p>\n\n\n\n<p><a href=\"mailto:concourspensionnaires@villamedici.it\" target=\"_blank\" rel=\"noreferrer noopener\">concourspensionnaires@<wbr>villamedici.it<\/a><\/p>\n","protected":false},"excerpt":{"rendered":"<p>Residenza d\u2019artista, centro artistico multidisciplinare e sito storico con un patrimonio di sette ettari, l\u2019Accademia di Francia a Roma &#8211; Villa Medici accoglie ogni anno pi\u00f9 di&nbsp;70 artisti, creatori, autori e ricercatori&nbsp;per soggiorni di varia durata, tra cui&nbsp;16 borsisti in residenza per un anno. Dal&nbsp;4 settembre&nbsp;al&nbsp;15 ottobre 2025, l\u2019Accademia di Francia a Roma lancia un [&#8230;]\n","protected":false},"author":1,"featured_media":15090,"comment_status":"closed","ping_status":"closed","sticky":false,"template":"","format":"standard","meta":{"footnotes":""},"categories":[138],"tags":[165,239,1480,139],"class_list":["post-15089","post","type-post","status-publish","format-standard","has-post-thumbnail","hentry","category-notizie","tag-arte","tag-formazione","tag-lavoro","tag-notiziehome"],"yoast_head":"<!-- This site is optimized with the Yoast SEO plugin v27.3 - https:\/\/yoast.com\/product\/yoast-seo-wordpress\/ -->\n<title>Villa Medici apre il suo concorso annuale per selezionare i sedici borsisti\u00a0 - Rome International<\/title>\n<meta name=\"description\" content=\"Dal\u00a04 settembre\u00a0al\u00a015 ottobre 2025, l\u2019Accademia di Francia a Roma lancia un concorso per selezionare i sedici borsisti che, a partire dal settembre 2026, trascorreranno 12 mesi a Villa Medici a Roma per una residenza di creazione, sperimentazione e ricerca.\" \/>\n<meta name=\"robots\" content=\"index, follow, max-snippet:-1, max-image-preview:large, max-video-preview:-1\" \/>\n<link rel=\"canonical\" href=\"https:\/\/romeinternational.it\/it\/2025\/09\/01\/villa-medici-apre-il-suo-concorso-annuale-per-selezionare-i-sedici-borsisti\/\" \/>\n<meta property=\"og:locale\" content=\"it_IT\" \/>\n<meta property=\"og:type\" content=\"article\" \/>\n<meta property=\"og:title\" content=\"Villa Medici apre il suo concorso annuale per selezionare i sedici borsisti\u00a0 - Rome International\" \/>\n<meta property=\"og:description\" content=\"Dal\u00a04 settembre\u00a0al\u00a015 ottobre 2025, l\u2019Accademia di Francia a Roma lancia un concorso per selezionare i sedici borsisti che, a partire dal settembre 2026, trascorreranno 12 mesi a Villa Medici a Roma per una residenza di creazione, sperimentazione e ricerca.\" \/>\n<meta property=\"og:url\" content=\"https:\/\/romeinternational.it\/it\/2025\/09\/01\/villa-medici-apre-il-suo-concorso-annuale-per-selezionare-i-sedici-borsisti\/\" \/>\n<meta property=\"og:site_name\" content=\"Rome International\" \/>\n<meta property=\"article:published_time\" content=\"2025-09-01T14:03:06+00:00\" \/>\n<meta property=\"article:modified_time\" content=\"2025-09-01T14:07:27+00:00\" \/>\n<meta property=\"og:image\" content=\"https:\/\/romeinternational.it\/it\/wp-content\/uploads\/2025\/09\/unnamed.jpg\" \/>\n\t<meta property=\"og:image:width\" content=\"1477\" \/>\n\t<meta property=\"og:image:height\" content=\"984\" \/>\n\t<meta property=\"og:image:type\" content=\"image\/jpeg\" \/>\n<meta name=\"author\" content=\"wp_admin@wm1\" \/>\n<meta name=\"twitter:card\" content=\"summary_large_image\" \/>\n<meta name=\"twitter:label1\" content=\"Scritto da\" \/>\n\t<meta name=\"twitter:data1\" content=\"wp_admin@wm1\" \/>\n\t<meta name=\"twitter:label2\" content=\"Tempo di lettura stimato\" \/>\n\t<meta name=\"twitter:data2\" content=\"3 minuti\" \/>\n<script type=\"application\/ld+json\" class=\"yoast-schema-graph\">{\"@context\":\"https:\\\/\\\/schema.org\",\"@graph\":[{\"@type\":\"Article\",\"@id\":\"https:\\\/\\\/romeinternational.it\\\/it\\\/2025\\\/09\\\/01\\\/villa-medici-apre-il-suo-concorso-annuale-per-selezionare-i-sedici-borsisti\\\/#article\",\"isPartOf\":{\"@id\":\"https:\\\/\\\/romeinternational.it\\\/it\\\/2025\\\/09\\\/01\\\/villa-medici-apre-il-suo-concorso-annuale-per-selezionare-i-sedici-borsisti\\\/\"},\"author\":{\"name\":\"wp_admin@wm1\",\"@id\":\"https:\\\/\\\/romeinternational.it\\\/it\\\/#\\\/schema\\\/person\\\/e953fcf3dfd11fac68b39be646caaff5\"},\"headline\":\"Villa Medici apre il suo concorso annuale per selezionare i sedici borsisti\u00a0\",\"datePublished\":\"2025-09-01T14:03:06+00:00\",\"dateModified\":\"2025-09-01T14:07:27+00:00\",\"mainEntityOfPage\":{\"@id\":\"https:\\\/\\\/romeinternational.it\\\/it\\\/2025\\\/09\\\/01\\\/villa-medici-apre-il-suo-concorso-annuale-per-selezionare-i-sedici-borsisti\\\/\"},\"wordCount\":426,\"publisher\":{\"@id\":\"https:\\\/\\\/romeinternational.it\\\/it\\\/#organization\"},\"image\":{\"@id\":\"https:\\\/\\\/romeinternational.it\\\/it\\\/2025\\\/09\\\/01\\\/villa-medici-apre-il-suo-concorso-annuale-per-selezionare-i-sedici-borsisti\\\/#primaryimage\"},\"thumbnailUrl\":\"https:\\\/\\\/romeinternational.it\\\/it\\\/wp-content\\\/uploads\\\/2025\\\/09\\\/unnamed.jpg\",\"keywords\":[\"Arte\",\"Formazione\",\"Lavoro\",\"Notiziehome\"],\"articleSection\":[\"Notizie\"],\"inLanguage\":\"it-IT\"},{\"@type\":\"WebPage\",\"@id\":\"https:\\\/\\\/romeinternational.it\\\/it\\\/2025\\\/09\\\/01\\\/villa-medici-apre-il-suo-concorso-annuale-per-selezionare-i-sedici-borsisti\\\/\",\"url\":\"https:\\\/\\\/romeinternational.it\\\/it\\\/2025\\\/09\\\/01\\\/villa-medici-apre-il-suo-concorso-annuale-per-selezionare-i-sedici-borsisti\\\/\",\"name\":\"Villa Medici apre il suo concorso annuale per selezionare i sedici borsisti\u00a0 - Rome International\",\"isPartOf\":{\"@id\":\"https:\\\/\\\/romeinternational.it\\\/it\\\/#website\"},\"primaryImageOfPage\":{\"@id\":\"https:\\\/\\\/romeinternational.it\\\/it\\\/2025\\\/09\\\/01\\\/villa-medici-apre-il-suo-concorso-annuale-per-selezionare-i-sedici-borsisti\\\/#primaryimage\"},\"image\":{\"@id\":\"https:\\\/\\\/romeinternational.it\\\/it\\\/2025\\\/09\\\/01\\\/villa-medici-apre-il-suo-concorso-annuale-per-selezionare-i-sedici-borsisti\\\/#primaryimage\"},\"thumbnailUrl\":\"https:\\\/\\\/romeinternational.it\\\/it\\\/wp-content\\\/uploads\\\/2025\\\/09\\\/unnamed.jpg\",\"datePublished\":\"2025-09-01T14:03:06+00:00\",\"dateModified\":\"2025-09-01T14:07:27+00:00\",\"description\":\"Dal\u00a04 settembre\u00a0al\u00a015 ottobre 2025, l\u2019Accademia di Francia a Roma lancia un concorso per selezionare i sedici borsisti che, a partire dal settembre 2026, trascorreranno 12 mesi a Villa Medici a Roma per una residenza di creazione, sperimentazione e ricerca.\",\"breadcrumb\":{\"@id\":\"https:\\\/\\\/romeinternational.it\\\/it\\\/2025\\\/09\\\/01\\\/villa-medici-apre-il-suo-concorso-annuale-per-selezionare-i-sedici-borsisti\\\/#breadcrumb\"},\"inLanguage\":\"it-IT\",\"potentialAction\":[{\"@type\":\"ReadAction\",\"target\":[\"https:\\\/\\\/romeinternational.it\\\/it\\\/2025\\\/09\\\/01\\\/villa-medici-apre-il-suo-concorso-annuale-per-selezionare-i-sedici-borsisti\\\/\"]}]},{\"@type\":\"ImageObject\",\"inLanguage\":\"it-IT\",\"@id\":\"https:\\\/\\\/romeinternational.it\\\/it\\\/2025\\\/09\\\/01\\\/villa-medici-apre-il-suo-concorso-annuale-per-selezionare-i-sedici-borsisti\\\/#primaryimage\",\"url\":\"https:\\\/\\\/romeinternational.it\\\/it\\\/wp-content\\\/uploads\\\/2025\\\/09\\\/unnamed.jpg\",\"contentUrl\":\"https:\\\/\\\/romeinternational.it\\\/it\\\/wp-content\\\/uploads\\\/2025\\\/09\\\/unnamed.jpg\",\"width\":1477,\"height\":984},{\"@type\":\"BreadcrumbList\",\"@id\":\"https:\\\/\\\/romeinternational.it\\\/it\\\/2025\\\/09\\\/01\\\/villa-medici-apre-il-suo-concorso-annuale-per-selezionare-i-sedici-borsisti\\\/#breadcrumb\",\"itemListElement\":[{\"@type\":\"ListItem\",\"position\":1,\"name\":\"Home\",\"item\":\"https:\\\/\\\/romeinternational.it\\\/it\\\/\"},{\"@type\":\"ListItem\",\"position\":2,\"name\":\"Villa Medici apre il suo concorso annuale per selezionare i sedici borsisti\u00a0\"}]},{\"@type\":\"WebSite\",\"@id\":\"https:\\\/\\\/romeinternational.it\\\/it\\\/#website\",\"url\":\"https:\\\/\\\/romeinternational.it\\\/it\\\/\",\"name\":\"Rome International\",\"description\":\"La guida agli eventi nella capitale\",\"publisher\":{\"@id\":\"https:\\\/\\\/romeinternational.it\\\/it\\\/#organization\"},\"potentialAction\":[{\"@type\":\"SearchAction\",\"target\":{\"@type\":\"EntryPoint\",\"urlTemplate\":\"https:\\\/\\\/romeinternational.it\\\/it\\\/?s={search_term_string}\"},\"query-input\":{\"@type\":\"PropertyValueSpecification\",\"valueRequired\":true,\"valueName\":\"search_term_string\"}}],\"inLanguage\":\"it-IT\"},{\"@type\":\"Organization\",\"@id\":\"https:\\\/\\\/romeinternational.it\\\/it\\\/#organization\",\"name\":\"Planet Diplomacy srls\",\"url\":\"https:\\\/\\\/romeinternational.it\\\/it\\\/\",\"logo\":{\"@type\":\"ImageObject\",\"inLanguage\":\"it-IT\",\"@id\":\"https:\\\/\\\/romeinternational.it\\\/it\\\/#\\\/schema\\\/logo\\\/image\\\/\",\"url\":\"https:\\\/\\\/romeinternational.it\\\/it\\\/wp-content\\\/uploads\\\/2021\\\/09\\\/Rome-Int-1440-1.png\",\"contentUrl\":\"https:\\\/\\\/romeinternational.it\\\/it\\\/wp-content\\\/uploads\\\/2021\\\/09\\\/Rome-Int-1440-1.png\",\"width\":1440,\"height\":270,\"caption\":\"Planet Diplomacy srls\"},\"image\":{\"@id\":\"https:\\\/\\\/romeinternational.it\\\/it\\\/#\\\/schema\\\/logo\\\/image\\\/\"}},{\"@type\":\"Person\",\"@id\":\"https:\\\/\\\/romeinternational.it\\\/it\\\/#\\\/schema\\\/person\\\/e953fcf3dfd11fac68b39be646caaff5\",\"name\":\"wp_admin@wm1\",\"sameAs\":[\"https:\\\/\\\/romeinternational.it\\\/it\"],\"url\":\"https:\\\/\\\/romeinternational.it\\\/it\\\/author\\\/wp_adminwm1\\\/\"}]}<\/script>\n<!-- \/ Yoast SEO plugin. -->","yoast_head_json":{"title":"Villa Medici apre il suo concorso annuale per selezionare i sedici borsisti\u00a0 - Rome International","description":"Dal\u00a04 settembre\u00a0al\u00a015 ottobre 2025, l\u2019Accademia di Francia a Roma lancia un concorso per selezionare i sedici borsisti che, a partire dal settembre 2026, trascorreranno 12 mesi a Villa Medici a Roma per una residenza di creazione, sperimentazione e ricerca.","robots":{"index":"index","follow":"follow","max-snippet":"max-snippet:-1","max-image-preview":"max-image-preview:large","max-video-preview":"max-video-preview:-1"},"canonical":"https:\/\/romeinternational.it\/it\/2025\/09\/01\/villa-medici-apre-il-suo-concorso-annuale-per-selezionare-i-sedici-borsisti\/","og_locale":"it_IT","og_type":"article","og_title":"Villa Medici apre il suo concorso annuale per selezionare i sedici borsisti\u00a0 - Rome International","og_description":"Dal\u00a04 settembre\u00a0al\u00a015 ottobre 2025, l\u2019Accademia di Francia a Roma lancia un concorso per selezionare i sedici borsisti che, a partire dal settembre 2026, trascorreranno 12 mesi a Villa Medici a Roma per una residenza di creazione, sperimentazione e ricerca.","og_url":"https:\/\/romeinternational.it\/it\/2025\/09\/01\/villa-medici-apre-il-suo-concorso-annuale-per-selezionare-i-sedici-borsisti\/","og_site_name":"Rome International","article_published_time":"2025-09-01T14:03:06+00:00","article_modified_time":"2025-09-01T14:07:27+00:00","og_image":[{"width":1477,"height":984,"url":"https:\/\/romeinternational.it\/it\/wp-content\/uploads\/2025\/09\/unnamed.jpg","type":"image\/jpeg"}],"author":"wp_admin@wm1","twitter_card":"summary_large_image","twitter_misc":{"Scritto da":"wp_admin@wm1","Tempo di lettura stimato":"3 minuti"},"schema":{"@context":"https:\/\/schema.org","@graph":[{"@type":"Article","@id":"https:\/\/romeinternational.it\/it\/2025\/09\/01\/villa-medici-apre-il-suo-concorso-annuale-per-selezionare-i-sedici-borsisti\/#article","isPartOf":{"@id":"https:\/\/romeinternational.it\/it\/2025\/09\/01\/villa-medici-apre-il-suo-concorso-annuale-per-selezionare-i-sedici-borsisti\/"},"author":{"name":"wp_admin@wm1","@id":"https:\/\/romeinternational.it\/it\/#\/schema\/person\/e953fcf3dfd11fac68b39be646caaff5"},"headline":"Villa Medici apre il suo concorso annuale per selezionare i sedici borsisti\u00a0","datePublished":"2025-09-01T14:03:06+00:00","dateModified":"2025-09-01T14:07:27+00:00","mainEntityOfPage":{"@id":"https:\/\/romeinternational.it\/it\/2025\/09\/01\/villa-medici-apre-il-suo-concorso-annuale-per-selezionare-i-sedici-borsisti\/"},"wordCount":426,"publisher":{"@id":"https:\/\/romeinternational.it\/it\/#organization"},"image":{"@id":"https:\/\/romeinternational.it\/it\/2025\/09\/01\/villa-medici-apre-il-suo-concorso-annuale-per-selezionare-i-sedici-borsisti\/#primaryimage"},"thumbnailUrl":"https:\/\/romeinternational.it\/it\/wp-content\/uploads\/2025\/09\/unnamed.jpg","keywords":["Arte","Formazione","Lavoro","Notiziehome"],"articleSection":["Notizie"],"inLanguage":"it-IT"},{"@type":"WebPage","@id":"https:\/\/romeinternational.it\/it\/2025\/09\/01\/villa-medici-apre-il-suo-concorso-annuale-per-selezionare-i-sedici-borsisti\/","url":"https:\/\/romeinternational.it\/it\/2025\/09\/01\/villa-medici-apre-il-suo-concorso-annuale-per-selezionare-i-sedici-borsisti\/","name":"Villa Medici apre il suo concorso annuale per selezionare i sedici borsisti\u00a0 - Rome International","isPartOf":{"@id":"https:\/\/romeinternational.it\/it\/#website"},"primaryImageOfPage":{"@id":"https:\/\/romeinternational.it\/it\/2025\/09\/01\/villa-medici-apre-il-suo-concorso-annuale-per-selezionare-i-sedici-borsisti\/#primaryimage"},"image":{"@id":"https:\/\/romeinternational.it\/it\/2025\/09\/01\/villa-medici-apre-il-suo-concorso-annuale-per-selezionare-i-sedici-borsisti\/#primaryimage"},"thumbnailUrl":"https:\/\/romeinternational.it\/it\/wp-content\/uploads\/2025\/09\/unnamed.jpg","datePublished":"2025-09-01T14:03:06+00:00","dateModified":"2025-09-01T14:07:27+00:00","description":"Dal\u00a04 settembre\u00a0al\u00a015 ottobre 2025, l\u2019Accademia di Francia a Roma lancia un concorso per selezionare i sedici borsisti che, a partire dal settembre 2026, trascorreranno 12 mesi a Villa Medici a Roma per una residenza di creazione, sperimentazione e ricerca.","breadcrumb":{"@id":"https:\/\/romeinternational.it\/it\/2025\/09\/01\/villa-medici-apre-il-suo-concorso-annuale-per-selezionare-i-sedici-borsisti\/#breadcrumb"},"inLanguage":"it-IT","potentialAction":[{"@type":"ReadAction","target":["https:\/\/romeinternational.it\/it\/2025\/09\/01\/villa-medici-apre-il-suo-concorso-annuale-per-selezionare-i-sedici-borsisti\/"]}]},{"@type":"ImageObject","inLanguage":"it-IT","@id":"https:\/\/romeinternational.it\/it\/2025\/09\/01\/villa-medici-apre-il-suo-concorso-annuale-per-selezionare-i-sedici-borsisti\/#primaryimage","url":"https:\/\/romeinternational.it\/it\/wp-content\/uploads\/2025\/09\/unnamed.jpg","contentUrl":"https:\/\/romeinternational.it\/it\/wp-content\/uploads\/2025\/09\/unnamed.jpg","width":1477,"height":984},{"@type":"BreadcrumbList","@id":"https:\/\/romeinternational.it\/it\/2025\/09\/01\/villa-medici-apre-il-suo-concorso-annuale-per-selezionare-i-sedici-borsisti\/#breadcrumb","itemListElement":[{"@type":"ListItem","position":1,"name":"Home","item":"https:\/\/romeinternational.it\/it\/"},{"@type":"ListItem","position":2,"name":"Villa Medici apre il suo concorso annuale per selezionare i sedici borsisti\u00a0"}]},{"@type":"WebSite","@id":"https:\/\/romeinternational.it\/it\/#website","url":"https:\/\/romeinternational.it\/it\/","name":"Rome International","description":"La guida agli eventi nella capitale","publisher":{"@id":"https:\/\/romeinternational.it\/it\/#organization"},"potentialAction":[{"@type":"SearchAction","target":{"@type":"EntryPoint","urlTemplate":"https:\/\/romeinternational.it\/it\/?s={search_term_string}"},"query-input":{"@type":"PropertyValueSpecification","valueRequired":true,"valueName":"search_term_string"}}],"inLanguage":"it-IT"},{"@type":"Organization","@id":"https:\/\/romeinternational.it\/it\/#organization","name":"Planet Diplomacy srls","url":"https:\/\/romeinternational.it\/it\/","logo":{"@type":"ImageObject","inLanguage":"it-IT","@id":"https:\/\/romeinternational.it\/it\/#\/schema\/logo\/image\/","url":"https:\/\/romeinternational.it\/it\/wp-content\/uploads\/2021\/09\/Rome-Int-1440-1.png","contentUrl":"https:\/\/romeinternational.it\/it\/wp-content\/uploads\/2021\/09\/Rome-Int-1440-1.png","width":1440,"height":270,"caption":"Planet Diplomacy srls"},"image":{"@id":"https:\/\/romeinternational.it\/it\/#\/schema\/logo\/image\/"}},{"@type":"Person","@id":"https:\/\/romeinternational.it\/it\/#\/schema\/person\/e953fcf3dfd11fac68b39be646caaff5","name":"wp_admin@wm1","sameAs":["https:\/\/romeinternational.it\/it"],"url":"https:\/\/romeinternational.it\/it\/author\/wp_adminwm1\/"}]}},"_links":{"self":[{"href":"https:\/\/romeinternational.it\/it\/wp-json\/wp\/v2\/posts\/15089","targetHints":{"allow":["GET"]}}],"collection":[{"href":"https:\/\/romeinternational.it\/it\/wp-json\/wp\/v2\/posts"}],"about":[{"href":"https:\/\/romeinternational.it\/it\/wp-json\/wp\/v2\/types\/post"}],"author":[{"embeddable":true,"href":"https:\/\/romeinternational.it\/it\/wp-json\/wp\/v2\/users\/1"}],"replies":[{"embeddable":true,"href":"https:\/\/romeinternational.it\/it\/wp-json\/wp\/v2\/comments?post=15089"}],"version-history":[{"count":1,"href":"https:\/\/romeinternational.it\/it\/wp-json\/wp\/v2\/posts\/15089\/revisions"}],"predecessor-version":[{"id":15091,"href":"https:\/\/romeinternational.it\/it\/wp-json\/wp\/v2\/posts\/15089\/revisions\/15091"}],"wp:featuredmedia":[{"embeddable":true,"href":"https:\/\/romeinternational.it\/it\/wp-json\/wp\/v2\/media\/15090"}],"wp:attachment":[{"href":"https:\/\/romeinternational.it\/it\/wp-json\/wp\/v2\/media?parent=15089"}],"wp:term":[{"taxonomy":"category","embeddable":true,"href":"https:\/\/romeinternational.it\/it\/wp-json\/wp\/v2\/categories?post=15089"},{"taxonomy":"post_tag","embeddable":true,"href":"https:\/\/romeinternational.it\/it\/wp-json\/wp\/v2\/tags?post=15089"}],"curies":[{"name":"wp","href":"https:\/\/api.w.org\/{rel}","templated":true}]}}