{"id":15030,"date":"2025-07-18T16:00:39","date_gmt":"2025-07-18T14:00:39","guid":{"rendered":"https:\/\/romeinternational.it\/it\/?p=15030"},"modified":"2025-07-18T16:01:00","modified_gmt":"2025-07-18T14:01:00","slug":"le-date-della-xvi-edizione-del-festival-della-diplomazia","status":"publish","type":"post","link":"https:\/\/romeinternational.it\/it\/2025\/07\/18\/le-date-della-xvi-edizione-del-festival-della-diplomazia\/","title":{"rendered":"Le date della XVI edizione del Festival della Diplomazia"},"content":{"rendered":"\n<p>Il Festival della Diplomazia ritorna e come ogni ottobre svilupper\u00e0 il suo programma all&#8217;interno della Citt\u00e0 Eterna nelle diversi sedi che per anni lo hanno animato. Dal 14 al 24 ottobre quindi, la Capitale si riempier\u00e0 di eventi, conferenze, tavole rotonde, incontri con studenti e tante altre iniziative. Il titolo di questa edizione sar\u00e0 <strong>&#8220;Il costo dei princ\u00ecpi&#8221;<\/strong>.<\/p>\n\n\n\n<p><\/p>\n","protected":false},"excerpt":{"rendered":"<p>Il Festival della Diplomazia ritorna e come ogni ottobre svilupper\u00e0 il suo programma all&#8217;interno della Citt\u00e0 Eterna nelle diversi sedi che per anni lo hanno animato. Dal 14 al 24 ottobre quindi, la Capitale si riempier\u00e0 di eventi, conferenze, tavole rotonde, incontri con studenti e tante altre iniziative. Il titolo di questa edizione sar\u00e0 &#8220;Il [&#8230;]\n","protected":false},"author":1,"featured_media":15031,"comment_status":"closed","ping_status":"closed","sticky":false,"template":"","format":"standard","meta":{"footnotes":""},"categories":[2364],"tags":[2411,21,1719,139,153,169],"class_list":["post-15030","post","type-post","status-publish","format-standard","has-post-thumbnail","hentry","category-news","tag-diplomacy","tag-evidenziato","tag-festival-della-diplomazia","tag-notiziehome","tag-politica","tag-storia"],"yoast_head":"<!-- This site is optimized with the Yoast SEO plugin v27.3 - https:\/\/yoast.com\/product\/yoast-seo-wordpress\/ -->\n<title>Le date della XVI edizione del Festival della Diplomazia - Rome International<\/title>\n<meta name=\"robots\" content=\"index, follow, max-snippet:-1, max-image-preview:large, max-video-preview:-1\" \/>\n<link rel=\"canonical\" href=\"https:\/\/romeinternational.it\/it\/2025\/07\/18\/le-date-della-xvi-edizione-del-festival-della-diplomazia\/\" \/>\n<meta property=\"og:locale\" content=\"it_IT\" \/>\n<meta property=\"og:type\" content=\"article\" \/>\n<meta property=\"og:title\" content=\"Le date della XVI edizione del Festival della Diplomazia - Rome International\" \/>\n<meta property=\"og:description\" content=\"Il Festival della Diplomazia ritorna e come ogni ottobre svilupper\u00e0 il suo programma all&#8217;interno della Citt\u00e0 Eterna nelle diversi sedi che per anni lo hanno animato. Dal 14 al 24 ottobre quindi, la Capitale si riempier\u00e0 di eventi, conferenze, tavole rotonde, incontri con studenti e tante altre iniziative. Il titolo di questa edizione sar\u00e0 &#8220;Il [...]\" \/>\n<meta property=\"og:url\" content=\"https:\/\/romeinternational.it\/it\/2025\/07\/18\/le-date-della-xvi-edizione-del-festival-della-diplomazia\/\" \/>\n<meta property=\"og:site_name\" content=\"Rome International\" \/>\n<meta property=\"article:published_time\" content=\"2025-07-18T14:00:39+00:00\" \/>\n<meta property=\"article:modified_time\" content=\"2025-07-18T14:01:00+00:00\" \/>\n<meta property=\"og:image\" content=\"https:\/\/romeinternational.it\/it\/wp-content\/uploads\/2025\/07\/The-cost-of-principals.png\" \/>\n\t<meta property=\"og:image:width\" content=\"790\" \/>\n\t<meta property=\"og:image:height\" content=\"522\" \/>\n\t<meta property=\"og:image:type\" content=\"image\/png\" \/>\n<meta name=\"author\" content=\"wp_admin@wm1\" \/>\n<meta name=\"twitter:card\" content=\"summary_large_image\" \/>\n<meta name=\"twitter:label1\" content=\"Scritto da\" \/>\n\t<meta name=\"twitter:data1\" content=\"wp_admin@wm1\" \/>\n\t<meta name=\"twitter:label2\" content=\"Tempo di lettura stimato\" \/>\n\t<meta name=\"twitter:data2\" content=\"1 minuto\" \/>\n<script type=\"application\/ld+json\" class=\"yoast-schema-graph\">{\"@context\":\"https:\\\/\\\/schema.org\",\"@graph\":[{\"@type\":\"Article\",\"@id\":\"https:\\\/\\\/romeinternational.it\\\/it\\\/2025\\\/07\\\/18\\\/le-date-della-xvi-edizione-del-festival-della-diplomazia\\\/#article\",\"isPartOf\":{\"@id\":\"https:\\\/\\\/romeinternational.it\\\/it\\\/2025\\\/07\\\/18\\\/le-date-della-xvi-edizione-del-festival-della-diplomazia\\\/\"},\"author\":{\"name\":\"wp_admin@wm1\",\"@id\":\"https:\\\/\\\/romeinternational.it\\\/it\\\/#\\\/schema\\\/person\\\/e953fcf3dfd11fac68b39be646caaff5\"},\"headline\":\"Le date della XVI edizione del Festival della Diplomazia\",\"datePublished\":\"2025-07-18T14:00:39+00:00\",\"dateModified\":\"2025-07-18T14:01:00+00:00\",\"mainEntityOfPage\":{\"@id\":\"https:\\\/\\\/romeinternational.it\\\/it\\\/2025\\\/07\\\/18\\\/le-date-della-xvi-edizione-del-festival-della-diplomazia\\\/\"},\"wordCount\":67,\"publisher\":{\"@id\":\"https:\\\/\\\/romeinternational.it\\\/it\\\/#organization\"},\"image\":{\"@id\":\"https:\\\/\\\/romeinternational.it\\\/it\\\/2025\\\/07\\\/18\\\/le-date-della-xvi-edizione-del-festival-della-diplomazia\\\/#primaryimage\"},\"thumbnailUrl\":\"https:\\\/\\\/romeinternational.it\\\/it\\\/wp-content\\\/uploads\\\/2025\\\/07\\\/The-cost-of-principals.png\",\"keywords\":[\"Diplomacy\",\"Evidenziato\",\"Festival della Diplomazia\",\"Notiziehome\",\"Politica\",\"Storia\"],\"articleSection\":[\"News\"],\"inLanguage\":\"it-IT\"},{\"@type\":\"WebPage\",\"@id\":\"https:\\\/\\\/romeinternational.it\\\/it\\\/2025\\\/07\\\/18\\\/le-date-della-xvi-edizione-del-festival-della-diplomazia\\\/\",\"url\":\"https:\\\/\\\/romeinternational.it\\\/it\\\/2025\\\/07\\\/18\\\/le-date-della-xvi-edizione-del-festival-della-diplomazia\\\/\",\"name\":\"Le date della XVI edizione del Festival della Diplomazia - Rome International\",\"isPartOf\":{\"@id\":\"https:\\\/\\\/romeinternational.it\\\/it\\\/#website\"},\"primaryImageOfPage\":{\"@id\":\"https:\\\/\\\/romeinternational.it\\\/it\\\/2025\\\/07\\\/18\\\/le-date-della-xvi-edizione-del-festival-della-diplomazia\\\/#primaryimage\"},\"image\":{\"@id\":\"https:\\\/\\\/romeinternational.it\\\/it\\\/2025\\\/07\\\/18\\\/le-date-della-xvi-edizione-del-festival-della-diplomazia\\\/#primaryimage\"},\"thumbnailUrl\":\"https:\\\/\\\/romeinternational.it\\\/it\\\/wp-content\\\/uploads\\\/2025\\\/07\\\/The-cost-of-principals.png\",\"datePublished\":\"2025-07-18T14:00:39+00:00\",\"dateModified\":\"2025-07-18T14:01:00+00:00\",\"breadcrumb\":{\"@id\":\"https:\\\/\\\/romeinternational.it\\\/it\\\/2025\\\/07\\\/18\\\/le-date-della-xvi-edizione-del-festival-della-diplomazia\\\/#breadcrumb\"},\"inLanguage\":\"it-IT\",\"potentialAction\":[{\"@type\":\"ReadAction\",\"target\":[\"https:\\\/\\\/romeinternational.it\\\/it\\\/2025\\\/07\\\/18\\\/le-date-della-xvi-edizione-del-festival-della-diplomazia\\\/\"]}]},{\"@type\":\"ImageObject\",\"inLanguage\":\"it-IT\",\"@id\":\"https:\\\/\\\/romeinternational.it\\\/it\\\/2025\\\/07\\\/18\\\/le-date-della-xvi-edizione-del-festival-della-diplomazia\\\/#primaryimage\",\"url\":\"https:\\\/\\\/romeinternational.it\\\/it\\\/wp-content\\\/uploads\\\/2025\\\/07\\\/The-cost-of-principals.png\",\"contentUrl\":\"https:\\\/\\\/romeinternational.it\\\/it\\\/wp-content\\\/uploads\\\/2025\\\/07\\\/The-cost-of-principals.png\",\"width\":790,\"height\":522},{\"@type\":\"BreadcrumbList\",\"@id\":\"https:\\\/\\\/romeinternational.it\\\/it\\\/2025\\\/07\\\/18\\\/le-date-della-xvi-edizione-del-festival-della-diplomazia\\\/#breadcrumb\",\"itemListElement\":[{\"@type\":\"ListItem\",\"position\":1,\"name\":\"Home\",\"item\":\"https:\\\/\\\/romeinternational.it\\\/it\\\/\"},{\"@type\":\"ListItem\",\"position\":2,\"name\":\"Le date della XVI edizione del Festival della Diplomazia\"}]},{\"@type\":\"WebSite\",\"@id\":\"https:\\\/\\\/romeinternational.it\\\/it\\\/#website\",\"url\":\"https:\\\/\\\/romeinternational.it\\\/it\\\/\",\"name\":\"Rome International\",\"description\":\"La guida agli eventi nella capitale\",\"publisher\":{\"@id\":\"https:\\\/\\\/romeinternational.it\\\/it\\\/#organization\"},\"potentialAction\":[{\"@type\":\"SearchAction\",\"target\":{\"@type\":\"EntryPoint\",\"urlTemplate\":\"https:\\\/\\\/romeinternational.it\\\/it\\\/?s={search_term_string}\"},\"query-input\":{\"@type\":\"PropertyValueSpecification\",\"valueRequired\":true,\"valueName\":\"search_term_string\"}}],\"inLanguage\":\"it-IT\"},{\"@type\":\"Organization\",\"@id\":\"https:\\\/\\\/romeinternational.it\\\/it\\\/#organization\",\"name\":\"Planet Diplomacy srls\",\"url\":\"https:\\\/\\\/romeinternational.it\\\/it\\\/\",\"logo\":{\"@type\":\"ImageObject\",\"inLanguage\":\"it-IT\",\"@id\":\"https:\\\/\\\/romeinternational.it\\\/it\\\/#\\\/schema\\\/logo\\\/image\\\/\",\"url\":\"https:\\\/\\\/romeinternational.it\\\/it\\\/wp-content\\\/uploads\\\/2021\\\/09\\\/Rome-Int-1440-1.png\",\"contentUrl\":\"https:\\\/\\\/romeinternational.it\\\/it\\\/wp-content\\\/uploads\\\/2021\\\/09\\\/Rome-Int-1440-1.png\",\"width\":1440,\"height\":270,\"caption\":\"Planet Diplomacy srls\"},\"image\":{\"@id\":\"https:\\\/\\\/romeinternational.it\\\/it\\\/#\\\/schema\\\/logo\\\/image\\\/\"}},{\"@type\":\"Person\",\"@id\":\"https:\\\/\\\/romeinternational.it\\\/it\\\/#\\\/schema\\\/person\\\/e953fcf3dfd11fac68b39be646caaff5\",\"name\":\"wp_admin@wm1\",\"sameAs\":[\"https:\\\/\\\/romeinternational.it\\\/it\"],\"url\":\"https:\\\/\\\/romeinternational.it\\\/it\\\/author\\\/wp_adminwm1\\\/\"}]}<\/script>\n<!-- \/ Yoast SEO plugin. -->","yoast_head_json":{"title":"Le date della XVI edizione del Festival della Diplomazia - Rome International","robots":{"index":"index","follow":"follow","max-snippet":"max-snippet:-1","max-image-preview":"max-image-preview:large","max-video-preview":"max-video-preview:-1"},"canonical":"https:\/\/romeinternational.it\/it\/2025\/07\/18\/le-date-della-xvi-edizione-del-festival-della-diplomazia\/","og_locale":"it_IT","og_type":"article","og_title":"Le date della XVI edizione del Festival della Diplomazia - Rome International","og_description":"Il Festival della Diplomazia ritorna e come ogni ottobre svilupper\u00e0 il suo programma all&#8217;interno della Citt\u00e0 Eterna nelle diversi sedi che per anni lo hanno animato. Dal 14 al 24 ottobre quindi, la Capitale si riempier\u00e0 di eventi, conferenze, tavole rotonde, incontri con studenti e tante altre iniziative. Il titolo di questa edizione sar\u00e0 &#8220;Il [...]","og_url":"https:\/\/romeinternational.it\/it\/2025\/07\/18\/le-date-della-xvi-edizione-del-festival-della-diplomazia\/","og_site_name":"Rome International","article_published_time":"2025-07-18T14:00:39+00:00","article_modified_time":"2025-07-18T14:01:00+00:00","og_image":[{"width":790,"height":522,"url":"https:\/\/romeinternational.it\/it\/wp-content\/uploads\/2025\/07\/The-cost-of-principals.png","type":"image\/png"}],"author":"wp_admin@wm1","twitter_card":"summary_large_image","twitter_misc":{"Scritto da":"wp_admin@wm1","Tempo di lettura stimato":"1 minuto"},"schema":{"@context":"https:\/\/schema.org","@graph":[{"@type":"Article","@id":"https:\/\/romeinternational.it\/it\/2025\/07\/18\/le-date-della-xvi-edizione-del-festival-della-diplomazia\/#article","isPartOf":{"@id":"https:\/\/romeinternational.it\/it\/2025\/07\/18\/le-date-della-xvi-edizione-del-festival-della-diplomazia\/"},"author":{"name":"wp_admin@wm1","@id":"https:\/\/romeinternational.it\/it\/#\/schema\/person\/e953fcf3dfd11fac68b39be646caaff5"},"headline":"Le date della XVI edizione del Festival della Diplomazia","datePublished":"2025-07-18T14:00:39+00:00","dateModified":"2025-07-18T14:01:00+00:00","mainEntityOfPage":{"@id":"https:\/\/romeinternational.it\/it\/2025\/07\/18\/le-date-della-xvi-edizione-del-festival-della-diplomazia\/"},"wordCount":67,"publisher":{"@id":"https:\/\/romeinternational.it\/it\/#organization"},"image":{"@id":"https:\/\/romeinternational.it\/it\/2025\/07\/18\/le-date-della-xvi-edizione-del-festival-della-diplomazia\/#primaryimage"},"thumbnailUrl":"https:\/\/romeinternational.it\/it\/wp-content\/uploads\/2025\/07\/The-cost-of-principals.png","keywords":["Diplomacy","Evidenziato","Festival della Diplomazia","Notiziehome","Politica","Storia"],"articleSection":["News"],"inLanguage":"it-IT"},{"@type":"WebPage","@id":"https:\/\/romeinternational.it\/it\/2025\/07\/18\/le-date-della-xvi-edizione-del-festival-della-diplomazia\/","url":"https:\/\/romeinternational.it\/it\/2025\/07\/18\/le-date-della-xvi-edizione-del-festival-della-diplomazia\/","name":"Le date della XVI edizione del Festival della Diplomazia - Rome International","isPartOf":{"@id":"https:\/\/romeinternational.it\/it\/#website"},"primaryImageOfPage":{"@id":"https:\/\/romeinternational.it\/it\/2025\/07\/18\/le-date-della-xvi-edizione-del-festival-della-diplomazia\/#primaryimage"},"image":{"@id":"https:\/\/romeinternational.it\/it\/2025\/07\/18\/le-date-della-xvi-edizione-del-festival-della-diplomazia\/#primaryimage"},"thumbnailUrl":"https:\/\/romeinternational.it\/it\/wp-content\/uploads\/2025\/07\/The-cost-of-principals.png","datePublished":"2025-07-18T14:00:39+00:00","dateModified":"2025-07-18T14:01:00+00:00","breadcrumb":{"@id":"https:\/\/romeinternational.it\/it\/2025\/07\/18\/le-date-della-xvi-edizione-del-festival-della-diplomazia\/#breadcrumb"},"inLanguage":"it-IT","potentialAction":[{"@type":"ReadAction","target":["https:\/\/romeinternational.it\/it\/2025\/07\/18\/le-date-della-xvi-edizione-del-festival-della-diplomazia\/"]}]},{"@type":"ImageObject","inLanguage":"it-IT","@id":"https:\/\/romeinternational.it\/it\/2025\/07\/18\/le-date-della-xvi-edizione-del-festival-della-diplomazia\/#primaryimage","url":"https:\/\/romeinternational.it\/it\/wp-content\/uploads\/2025\/07\/The-cost-of-principals.png","contentUrl":"https:\/\/romeinternational.it\/it\/wp-content\/uploads\/2025\/07\/The-cost-of-principals.png","width":790,"height":522},{"@type":"BreadcrumbList","@id":"https:\/\/romeinternational.it\/it\/2025\/07\/18\/le-date-della-xvi-edizione-del-festival-della-diplomazia\/#breadcrumb","itemListElement":[{"@type":"ListItem","position":1,"name":"Home","item":"https:\/\/romeinternational.it\/it\/"},{"@type":"ListItem","position":2,"name":"Le date della XVI edizione del Festival della Diplomazia"}]},{"@type":"WebSite","@id":"https:\/\/romeinternational.it\/it\/#website","url":"https:\/\/romeinternational.it\/it\/","name":"Rome International","description":"La guida agli eventi nella capitale","publisher":{"@id":"https:\/\/romeinternational.it\/it\/#organization"},"potentialAction":[{"@type":"SearchAction","target":{"@type":"EntryPoint","urlTemplate":"https:\/\/romeinternational.it\/it\/?s={search_term_string}"},"query-input":{"@type":"PropertyValueSpecification","valueRequired":true,"valueName":"search_term_string"}}],"inLanguage":"it-IT"},{"@type":"Organization","@id":"https:\/\/romeinternational.it\/it\/#organization","name":"Planet Diplomacy srls","url":"https:\/\/romeinternational.it\/it\/","logo":{"@type":"ImageObject","inLanguage":"it-IT","@id":"https:\/\/romeinternational.it\/it\/#\/schema\/logo\/image\/","url":"https:\/\/romeinternational.it\/it\/wp-content\/uploads\/2021\/09\/Rome-Int-1440-1.png","contentUrl":"https:\/\/romeinternational.it\/it\/wp-content\/uploads\/2021\/09\/Rome-Int-1440-1.png","width":1440,"height":270,"caption":"Planet Diplomacy srls"},"image":{"@id":"https:\/\/romeinternational.it\/it\/#\/schema\/logo\/image\/"}},{"@type":"Person","@id":"https:\/\/romeinternational.it\/it\/#\/schema\/person\/e953fcf3dfd11fac68b39be646caaff5","name":"wp_admin@wm1","sameAs":["https:\/\/romeinternational.it\/it"],"url":"https:\/\/romeinternational.it\/it\/author\/wp_adminwm1\/"}]}},"_links":{"self":[{"href":"https:\/\/romeinternational.it\/it\/wp-json\/wp\/v2\/posts\/15030","targetHints":{"allow":["GET"]}}],"collection":[{"href":"https:\/\/romeinternational.it\/it\/wp-json\/wp\/v2\/posts"}],"about":[{"href":"https:\/\/romeinternational.it\/it\/wp-json\/wp\/v2\/types\/post"}],"author":[{"embeddable":true,"href":"https:\/\/romeinternational.it\/it\/wp-json\/wp\/v2\/users\/1"}],"replies":[{"embeddable":true,"href":"https:\/\/romeinternational.it\/it\/wp-json\/wp\/v2\/comments?post=15030"}],"version-history":[{"count":1,"href":"https:\/\/romeinternational.it\/it\/wp-json\/wp\/v2\/posts\/15030\/revisions"}],"predecessor-version":[{"id":15032,"href":"https:\/\/romeinternational.it\/it\/wp-json\/wp\/v2\/posts\/15030\/revisions\/15032"}],"wp:featuredmedia":[{"embeddable":true,"href":"https:\/\/romeinternational.it\/it\/wp-json\/wp\/v2\/media\/15031"}],"wp:attachment":[{"href":"https:\/\/romeinternational.it\/it\/wp-json\/wp\/v2\/media?parent=15030"}],"wp:term":[{"taxonomy":"category","embeddable":true,"href":"https:\/\/romeinternational.it\/it\/wp-json\/wp\/v2\/categories?post=15030"},{"taxonomy":"post_tag","embeddable":true,"href":"https:\/\/romeinternational.it\/it\/wp-json\/wp\/v2\/tags?post=15030"}],"curies":[{"name":"wp","href":"https:\/\/api.w.org\/{rel}","templated":true}]}}