{"id":15012,"date":"2025-07-11T11:26:05","date_gmt":"2025-07-11T09:26:05","guid":{"rendered":"https:\/\/romeinternational.it\/it\/?p=15012"},"modified":"2025-07-11T11:34:12","modified_gmt":"2025-07-11T09:34:12","slug":"boscodivino","status":"publish","type":"post","link":"https:\/\/romeinternational.it\/it\/2025\/07\/11\/boscodivino\/","title":{"rendered":"BoscodiVino"},"content":{"rendered":"\n<p>Il bosco come esperienza sensoriale ed immersiva unita ad un percorso enogastronomico per la riscoperta del Made in Italy di qualit\u00e0. Nasce da questo originale binomio la kermesse <strong>\u201cBoscodiVino\u201d<\/strong>, giunta alla sua terza edizione che si svolger\u00e0 <strong>dal 17 al 20 luglio 2025<\/strong> presso la Fonte Ontanese (all&#8217;interno del Parco dei Castelli Romani a Lariano). La magia di ritrovarsi all\u2019interno di un polmone verde secolare con una ricca vegetazione, la possibilit\u00e0 di scoprirne i misteri ed i suoni al calar del sole e quella di far assaporare il profumo di vini regionali e nazionali con delle degustazioni guidate, grazie alla presenza di esperti del settore, sar\u00e0 per tutti un viaggio stimolante che regaler\u00e0 benefici alla mente, al cuore e al corpo. Ogni sera una incredibile variet\u00e0 di sapori e odori in cucina con piatti tipici e gourmet, realizzati da chef professionisti, saranno abbinati ai vini posti in degustazione dalle cantine produttrici con i sommelier della Fisar. L\u2019idea, realizzata dal presidente dell&#8217;associazione Ricreativa Culturale Lariano Doc 2023, avvocato Roberto Ficcardi, unitamente ai soci Gianluca Casagrande Raffi, Vito Bruno, Antonio Montecuollo, Antonio Tagliaferri e Massimiliano D\u2019annibale, si pone lo scopo di far esplorare la magnificenza della natura con la complicit\u00e0 della luna e di creare delle nuove opportunit\u00e0 per le aree naturali raramente frequentate in orari serali. La novit\u00e0 di questa edizione, completamente rinnovata, prevede inoltre la possibilit\u00e0 di condividere il percorso anche con il proprio amico a quattro zampe. I visitatori umani saranno accolti con un calice, mentre i cani con gustosi snack per tutti i gusti e tutte le esigenze. Altra grande opportunit\u00e0 di benvenuto per i quattro zampe una serie di postazioni, dislocate in varie aree del parco, con acqua fresca sempre a disposizione. Coccole ed emozioni, ma anche visite guidate a 6 zampe e bustine in regalo per non lasciare ricordini indesiderati nel bosco, messe a disposizione dal Comune di Lariano, per permettere a tutti di rispettare la natura in tutto e per tutto. &#8220;Sar\u00e0 un evento speciale &#8211; ha dichiarato il presidente dell&#8217;associazione- reso possibile grazie ad un valido team e per questo devo ringraziare le istituzioni, il presidente del Parco del Castelli Romani, l&#8217;Arsial, la Regione Lazio, le aziende produttrici e gli sponsor e il Sindaco Francesco Montecuollo. Queste magiche notti sotto le stelle saranno per tutti indimenticabili&#8221;. <\/p>\n\n\n\n<p>Info e prenotazioni: <a href=\"https:\/\/castelliromanicittadelvino.it\/evento\/bosco-divino\/\">wwww.boscodivino.com<\/a><\/p>\n\n\n\n<p><\/p>\n","protected":false},"excerpt":{"rendered":"<p>Il bosco come esperienza sensoriale ed immersiva unita ad un percorso enogastronomico per la riscoperta del Made in Italy di qualit\u00e0. Nasce da questo originale binomio la kermesse \u201cBoscodiVino\u201d, giunta alla sua terza edizione che si svolger\u00e0 dal 17 al 20 luglio 2025 presso la Fonte Ontanese (all&#8217;interno del Parco dei Castelli Romani a Lariano). [&#8230;]\n","protected":false},"author":1,"featured_media":15013,"comment_status":"closed","ping_status":"closed","sticky":false,"template":"","format":"standard","meta":{"footnotes":""},"categories":[138],"tags":[139],"class_list":["post-15012","post","type-post","status-publish","format-standard","has-post-thumbnail","hentry","category-notizie","tag-notiziehome"],"yoast_head":"<!-- This site is optimized with the Yoast SEO plugin v27.3 - https:\/\/yoast.com\/product\/yoast-seo-wordpress\/ -->\n<title>BoscodiVino - Rome International<\/title>\n<meta name=\"description\" content=\"Nasce da questo originale binomio la kermesse \u201cBoscodiVino\u201d, giunta alla sua terza edizione che si svolger\u00e0 dal 17 al 20 luglio 2025 presso la Fonte Ontanese\" \/>\n<meta name=\"robots\" content=\"index, follow, max-snippet:-1, max-image-preview:large, max-video-preview:-1\" \/>\n<link rel=\"canonical\" href=\"https:\/\/romeinternational.it\/it\/2025\/07\/11\/boscodivino\/\" \/>\n<meta property=\"og:locale\" content=\"it_IT\" \/>\n<meta property=\"og:type\" content=\"article\" \/>\n<meta property=\"og:title\" content=\"BoscodiVino - Rome International\" \/>\n<meta property=\"og:description\" content=\"Nasce da questo originale binomio la kermesse \u201cBoscodiVino\u201d, giunta alla sua terza edizione che si svolger\u00e0 dal 17 al 20 luglio 2025 presso la Fonte Ontanese\" \/>\n<meta property=\"og:url\" content=\"https:\/\/romeinternational.it\/it\/2025\/07\/11\/boscodivino\/\" \/>\n<meta property=\"og:site_name\" content=\"Rome International\" \/>\n<meta property=\"article:published_time\" content=\"2025-07-11T09:26:05+00:00\" \/>\n<meta property=\"article:modified_time\" content=\"2025-07-11T09:34:12+00:00\" \/>\n<meta property=\"og:image\" content=\"https:\/\/romeinternational.it\/it\/wp-content\/uploads\/2025\/07\/bosco-divino-lariano-2025.png\" \/>\n\t<meta property=\"og:image:width\" content=\"920\" \/>\n\t<meta property=\"og:image:height\" content=\"545\" \/>\n\t<meta property=\"og:image:type\" content=\"image\/png\" \/>\n<meta name=\"author\" content=\"wp_admin@wm1\" \/>\n<meta name=\"twitter:card\" content=\"summary_large_image\" \/>\n<meta name=\"twitter:label1\" content=\"Scritto da\" \/>\n\t<meta name=\"twitter:data1\" content=\"wp_admin@wm1\" \/>\n\t<meta name=\"twitter:label2\" content=\"Tempo di lettura stimato\" \/>\n\t<meta name=\"twitter:data2\" content=\"3 minuti\" \/>\n<script type=\"application\/ld+json\" class=\"yoast-schema-graph\">{\"@context\":\"https:\\\/\\\/schema.org\",\"@graph\":[{\"@type\":\"Article\",\"@id\":\"https:\\\/\\\/romeinternational.it\\\/it\\\/2025\\\/07\\\/11\\\/boscodivino\\\/#article\",\"isPartOf\":{\"@id\":\"https:\\\/\\\/romeinternational.it\\\/it\\\/2025\\\/07\\\/11\\\/boscodivino\\\/\"},\"author\":{\"name\":\"wp_admin@wm1\",\"@id\":\"https:\\\/\\\/romeinternational.it\\\/it\\\/#\\\/schema\\\/person\\\/e953fcf3dfd11fac68b39be646caaff5\"},\"headline\":\"BoscodiVino\",\"datePublished\":\"2025-07-11T09:26:05+00:00\",\"dateModified\":\"2025-07-11T09:34:12+00:00\",\"mainEntityOfPage\":{\"@id\":\"https:\\\/\\\/romeinternational.it\\\/it\\\/2025\\\/07\\\/11\\\/boscodivino\\\/\"},\"wordCount\":391,\"publisher\":{\"@id\":\"https:\\\/\\\/romeinternational.it\\\/it\\\/#organization\"},\"image\":{\"@id\":\"https:\\\/\\\/romeinternational.it\\\/it\\\/2025\\\/07\\\/11\\\/boscodivino\\\/#primaryimage\"},\"thumbnailUrl\":\"https:\\\/\\\/romeinternational.it\\\/it\\\/wp-content\\\/uploads\\\/2025\\\/07\\\/bosco-divino-lariano-2025.png\",\"keywords\":[\"Notiziehome\"],\"articleSection\":[\"Notizie\"],\"inLanguage\":\"it-IT\"},{\"@type\":\"WebPage\",\"@id\":\"https:\\\/\\\/romeinternational.it\\\/it\\\/2025\\\/07\\\/11\\\/boscodivino\\\/\",\"url\":\"https:\\\/\\\/romeinternational.it\\\/it\\\/2025\\\/07\\\/11\\\/boscodivino\\\/\",\"name\":\"BoscodiVino - Rome International\",\"isPartOf\":{\"@id\":\"https:\\\/\\\/romeinternational.it\\\/it\\\/#website\"},\"primaryImageOfPage\":{\"@id\":\"https:\\\/\\\/romeinternational.it\\\/it\\\/2025\\\/07\\\/11\\\/boscodivino\\\/#primaryimage\"},\"image\":{\"@id\":\"https:\\\/\\\/romeinternational.it\\\/it\\\/2025\\\/07\\\/11\\\/boscodivino\\\/#primaryimage\"},\"thumbnailUrl\":\"https:\\\/\\\/romeinternational.it\\\/it\\\/wp-content\\\/uploads\\\/2025\\\/07\\\/bosco-divino-lariano-2025.png\",\"datePublished\":\"2025-07-11T09:26:05+00:00\",\"dateModified\":\"2025-07-11T09:34:12+00:00\",\"description\":\"Nasce da questo originale binomio la kermesse \u201cBoscodiVino\u201d, giunta alla sua terza edizione che si svolger\u00e0 dal 17 al 20 luglio 2025 presso la Fonte Ontanese\",\"breadcrumb\":{\"@id\":\"https:\\\/\\\/romeinternational.it\\\/it\\\/2025\\\/07\\\/11\\\/boscodivino\\\/#breadcrumb\"},\"inLanguage\":\"it-IT\",\"potentialAction\":[{\"@type\":\"ReadAction\",\"target\":[\"https:\\\/\\\/romeinternational.it\\\/it\\\/2025\\\/07\\\/11\\\/boscodivino\\\/\"]}]},{\"@type\":\"ImageObject\",\"inLanguage\":\"it-IT\",\"@id\":\"https:\\\/\\\/romeinternational.it\\\/it\\\/2025\\\/07\\\/11\\\/boscodivino\\\/#primaryimage\",\"url\":\"https:\\\/\\\/romeinternational.it\\\/it\\\/wp-content\\\/uploads\\\/2025\\\/07\\\/bosco-divino-lariano-2025.png\",\"contentUrl\":\"https:\\\/\\\/romeinternational.it\\\/it\\\/wp-content\\\/uploads\\\/2025\\\/07\\\/bosco-divino-lariano-2025.png\",\"width\":920,\"height\":545},{\"@type\":\"BreadcrumbList\",\"@id\":\"https:\\\/\\\/romeinternational.it\\\/it\\\/2025\\\/07\\\/11\\\/boscodivino\\\/#breadcrumb\",\"itemListElement\":[{\"@type\":\"ListItem\",\"position\":1,\"name\":\"Home\",\"item\":\"https:\\\/\\\/romeinternational.it\\\/it\\\/\"},{\"@type\":\"ListItem\",\"position\":2,\"name\":\"BoscodiVino\"}]},{\"@type\":\"WebSite\",\"@id\":\"https:\\\/\\\/romeinternational.it\\\/it\\\/#website\",\"url\":\"https:\\\/\\\/romeinternational.it\\\/it\\\/\",\"name\":\"Rome International\",\"description\":\"La guida agli eventi nella capitale\",\"publisher\":{\"@id\":\"https:\\\/\\\/romeinternational.it\\\/it\\\/#organization\"},\"potentialAction\":[{\"@type\":\"SearchAction\",\"target\":{\"@type\":\"EntryPoint\",\"urlTemplate\":\"https:\\\/\\\/romeinternational.it\\\/it\\\/?s={search_term_string}\"},\"query-input\":{\"@type\":\"PropertyValueSpecification\",\"valueRequired\":true,\"valueName\":\"search_term_string\"}}],\"inLanguage\":\"it-IT\"},{\"@type\":\"Organization\",\"@id\":\"https:\\\/\\\/romeinternational.it\\\/it\\\/#organization\",\"name\":\"Planet Diplomacy srls\",\"url\":\"https:\\\/\\\/romeinternational.it\\\/it\\\/\",\"logo\":{\"@type\":\"ImageObject\",\"inLanguage\":\"it-IT\",\"@id\":\"https:\\\/\\\/romeinternational.it\\\/it\\\/#\\\/schema\\\/logo\\\/image\\\/\",\"url\":\"https:\\\/\\\/romeinternational.it\\\/it\\\/wp-content\\\/uploads\\\/2021\\\/09\\\/Rome-Int-1440-1.png\",\"contentUrl\":\"https:\\\/\\\/romeinternational.it\\\/it\\\/wp-content\\\/uploads\\\/2021\\\/09\\\/Rome-Int-1440-1.png\",\"width\":1440,\"height\":270,\"caption\":\"Planet Diplomacy srls\"},\"image\":{\"@id\":\"https:\\\/\\\/romeinternational.it\\\/it\\\/#\\\/schema\\\/logo\\\/image\\\/\"}},{\"@type\":\"Person\",\"@id\":\"https:\\\/\\\/romeinternational.it\\\/it\\\/#\\\/schema\\\/person\\\/e953fcf3dfd11fac68b39be646caaff5\",\"name\":\"wp_admin@wm1\",\"sameAs\":[\"https:\\\/\\\/romeinternational.it\\\/it\"],\"url\":\"https:\\\/\\\/romeinternational.it\\\/it\\\/author\\\/wp_adminwm1\\\/\"}]}<\/script>\n<!-- \/ Yoast SEO plugin. -->","yoast_head_json":{"title":"BoscodiVino - Rome International","description":"Nasce da questo originale binomio la kermesse \u201cBoscodiVino\u201d, giunta alla sua terza edizione che si svolger\u00e0 dal 17 al 20 luglio 2025 presso la Fonte Ontanese","robots":{"index":"index","follow":"follow","max-snippet":"max-snippet:-1","max-image-preview":"max-image-preview:large","max-video-preview":"max-video-preview:-1"},"canonical":"https:\/\/romeinternational.it\/it\/2025\/07\/11\/boscodivino\/","og_locale":"it_IT","og_type":"article","og_title":"BoscodiVino - Rome International","og_description":"Nasce da questo originale binomio la kermesse \u201cBoscodiVino\u201d, giunta alla sua terza edizione che si svolger\u00e0 dal 17 al 20 luglio 2025 presso la Fonte Ontanese","og_url":"https:\/\/romeinternational.it\/it\/2025\/07\/11\/boscodivino\/","og_site_name":"Rome International","article_published_time":"2025-07-11T09:26:05+00:00","article_modified_time":"2025-07-11T09:34:12+00:00","og_image":[{"width":920,"height":545,"url":"https:\/\/romeinternational.it\/it\/wp-content\/uploads\/2025\/07\/bosco-divino-lariano-2025.png","type":"image\/png"}],"author":"wp_admin@wm1","twitter_card":"summary_large_image","twitter_misc":{"Scritto da":"wp_admin@wm1","Tempo di lettura stimato":"3 minuti"},"schema":{"@context":"https:\/\/schema.org","@graph":[{"@type":"Article","@id":"https:\/\/romeinternational.it\/it\/2025\/07\/11\/boscodivino\/#article","isPartOf":{"@id":"https:\/\/romeinternational.it\/it\/2025\/07\/11\/boscodivino\/"},"author":{"name":"wp_admin@wm1","@id":"https:\/\/romeinternational.it\/it\/#\/schema\/person\/e953fcf3dfd11fac68b39be646caaff5"},"headline":"BoscodiVino","datePublished":"2025-07-11T09:26:05+00:00","dateModified":"2025-07-11T09:34:12+00:00","mainEntityOfPage":{"@id":"https:\/\/romeinternational.it\/it\/2025\/07\/11\/boscodivino\/"},"wordCount":391,"publisher":{"@id":"https:\/\/romeinternational.it\/it\/#organization"},"image":{"@id":"https:\/\/romeinternational.it\/it\/2025\/07\/11\/boscodivino\/#primaryimage"},"thumbnailUrl":"https:\/\/romeinternational.it\/it\/wp-content\/uploads\/2025\/07\/bosco-divino-lariano-2025.png","keywords":["Notiziehome"],"articleSection":["Notizie"],"inLanguage":"it-IT"},{"@type":"WebPage","@id":"https:\/\/romeinternational.it\/it\/2025\/07\/11\/boscodivino\/","url":"https:\/\/romeinternational.it\/it\/2025\/07\/11\/boscodivino\/","name":"BoscodiVino - Rome International","isPartOf":{"@id":"https:\/\/romeinternational.it\/it\/#website"},"primaryImageOfPage":{"@id":"https:\/\/romeinternational.it\/it\/2025\/07\/11\/boscodivino\/#primaryimage"},"image":{"@id":"https:\/\/romeinternational.it\/it\/2025\/07\/11\/boscodivino\/#primaryimage"},"thumbnailUrl":"https:\/\/romeinternational.it\/it\/wp-content\/uploads\/2025\/07\/bosco-divino-lariano-2025.png","datePublished":"2025-07-11T09:26:05+00:00","dateModified":"2025-07-11T09:34:12+00:00","description":"Nasce da questo originale binomio la kermesse \u201cBoscodiVino\u201d, giunta alla sua terza edizione che si svolger\u00e0 dal 17 al 20 luglio 2025 presso la Fonte Ontanese","breadcrumb":{"@id":"https:\/\/romeinternational.it\/it\/2025\/07\/11\/boscodivino\/#breadcrumb"},"inLanguage":"it-IT","potentialAction":[{"@type":"ReadAction","target":["https:\/\/romeinternational.it\/it\/2025\/07\/11\/boscodivino\/"]}]},{"@type":"ImageObject","inLanguage":"it-IT","@id":"https:\/\/romeinternational.it\/it\/2025\/07\/11\/boscodivino\/#primaryimage","url":"https:\/\/romeinternational.it\/it\/wp-content\/uploads\/2025\/07\/bosco-divino-lariano-2025.png","contentUrl":"https:\/\/romeinternational.it\/it\/wp-content\/uploads\/2025\/07\/bosco-divino-lariano-2025.png","width":920,"height":545},{"@type":"BreadcrumbList","@id":"https:\/\/romeinternational.it\/it\/2025\/07\/11\/boscodivino\/#breadcrumb","itemListElement":[{"@type":"ListItem","position":1,"name":"Home","item":"https:\/\/romeinternational.it\/it\/"},{"@type":"ListItem","position":2,"name":"BoscodiVino"}]},{"@type":"WebSite","@id":"https:\/\/romeinternational.it\/it\/#website","url":"https:\/\/romeinternational.it\/it\/","name":"Rome International","description":"La guida agli eventi nella capitale","publisher":{"@id":"https:\/\/romeinternational.it\/it\/#organization"},"potentialAction":[{"@type":"SearchAction","target":{"@type":"EntryPoint","urlTemplate":"https:\/\/romeinternational.it\/it\/?s={search_term_string}"},"query-input":{"@type":"PropertyValueSpecification","valueRequired":true,"valueName":"search_term_string"}}],"inLanguage":"it-IT"},{"@type":"Organization","@id":"https:\/\/romeinternational.it\/it\/#organization","name":"Planet Diplomacy srls","url":"https:\/\/romeinternational.it\/it\/","logo":{"@type":"ImageObject","inLanguage":"it-IT","@id":"https:\/\/romeinternational.it\/it\/#\/schema\/logo\/image\/","url":"https:\/\/romeinternational.it\/it\/wp-content\/uploads\/2021\/09\/Rome-Int-1440-1.png","contentUrl":"https:\/\/romeinternational.it\/it\/wp-content\/uploads\/2021\/09\/Rome-Int-1440-1.png","width":1440,"height":270,"caption":"Planet Diplomacy srls"},"image":{"@id":"https:\/\/romeinternational.it\/it\/#\/schema\/logo\/image\/"}},{"@type":"Person","@id":"https:\/\/romeinternational.it\/it\/#\/schema\/person\/e953fcf3dfd11fac68b39be646caaff5","name":"wp_admin@wm1","sameAs":["https:\/\/romeinternational.it\/it"],"url":"https:\/\/romeinternational.it\/it\/author\/wp_adminwm1\/"}]}},"_links":{"self":[{"href":"https:\/\/romeinternational.it\/it\/wp-json\/wp\/v2\/posts\/15012","targetHints":{"allow":["GET"]}}],"collection":[{"href":"https:\/\/romeinternational.it\/it\/wp-json\/wp\/v2\/posts"}],"about":[{"href":"https:\/\/romeinternational.it\/it\/wp-json\/wp\/v2\/types\/post"}],"author":[{"embeddable":true,"href":"https:\/\/romeinternational.it\/it\/wp-json\/wp\/v2\/users\/1"}],"replies":[{"embeddable":true,"href":"https:\/\/romeinternational.it\/it\/wp-json\/wp\/v2\/comments?post=15012"}],"version-history":[{"count":1,"href":"https:\/\/romeinternational.it\/it\/wp-json\/wp\/v2\/posts\/15012\/revisions"}],"predecessor-version":[{"id":15014,"href":"https:\/\/romeinternational.it\/it\/wp-json\/wp\/v2\/posts\/15012\/revisions\/15014"}],"wp:featuredmedia":[{"embeddable":true,"href":"https:\/\/romeinternational.it\/it\/wp-json\/wp\/v2\/media\/15013"}],"wp:attachment":[{"href":"https:\/\/romeinternational.it\/it\/wp-json\/wp\/v2\/media?parent=15012"}],"wp:term":[{"taxonomy":"category","embeddable":true,"href":"https:\/\/romeinternational.it\/it\/wp-json\/wp\/v2\/categories?post=15012"},{"taxonomy":"post_tag","embeddable":true,"href":"https:\/\/romeinternational.it\/it\/wp-json\/wp\/v2\/tags?post=15012"}],"curies":[{"name":"wp","href":"https:\/\/api.w.org\/{rel}","templated":true}]}}