{"id":14563,"date":"2025-05-09T10:29:03","date_gmt":"2025-05-09T08:29:03","guid":{"rendered":"https:\/\/romeinternational.it\/it\/?p=14563"},"modified":"2025-05-09T10:29:24","modified_gmt":"2025-05-09T08:29:24","slug":"leone-xiv-e-il-nuovo-papa","status":"publish","type":"post","link":"https:\/\/romeinternational.it\/it\/2025\/05\/09\/leone-xiv-e-il-nuovo-papa\/","title":{"rendered":"Leone XIV \u00e8 il nuovo Papa"},"content":{"rendered":"\n<p>Il cardinale statunitense\u00a0<strong>Robert Francis Prevost<\/strong>\u00a0\u00e8 stato eletto Papa, con il nome di Papa Leone XIV. Pochi minuti dopo le ore 18 di gioved\u00ec 8 maggio, dal comignolo della Cappella Sistina \u00e8 uscita la fumata bianca, segno che i cardinali elettori sono riusciti a eleggere il nuovo Papa, il numero 267 della storia. La scelta \u00e8 avvenuta nella seconda giornata del Conclave. La scelta di chiamarsi Leone rievoca alcuni passaggi cruciali della storia della Chiesa romana: dalle pi\u00f9 antiche controversie cristologiche, alla nascita del protestantesimo, al confronto con la modernit\u00e0<a href=\"https:\/\/www.repubblica.it\/esteri\/2025\/05\/09\/news\/prevost_scelta_nome_leone_xiv-424175171\/#__limio_frame\"><\/a><\/p>\n\n\n\n<p>Secondo molti esperti vaticanisti, la rapidit\u00e0 dell\u2019elezione conferma una convergenza ampia sul suo nome, considerato capace di tenere unite le diverse anime del Collegio cardinalizio. <\/p>\n\n\n\n<p>Prevost \u00e8 nato il 14 settembre 1955 a Chicago, negli Stati Uniti, ed \u00e8 entrato nel 1977 nell\u2019Ordine di Sant\u2019Agostino, una comunit\u00e0 religiosa cattolica in cui i membri vivono seguendo la regola di Sant\u2019Agostino Per molti anni ha operato in Per\u00f9 dove \u00e8 stato anche vescovo di Chiclayo.<\/p>\n","protected":false},"excerpt":{"rendered":"<p>Il cardinale statunitense\u00a0Robert Francis Prevost\u00a0\u00e8 stato eletto Papa, con il nome di Papa Leone XIV. Pochi minuti dopo le ore 18 di gioved\u00ec 8 maggio, dal comignolo della Cappella Sistina \u00e8 uscita la fumata bianca, segno che i cardinali elettori sono riusciti a eleggere il nuovo Papa, il numero 267 della storia. La scelta \u00e8 [&#8230;]\n","protected":false},"author":3,"featured_media":14564,"comment_status":"closed","ping_status":"closed","sticky":false,"template":"","format":"standard","meta":{"footnotes":""},"categories":[138],"tags":[2229,2389,139,2388,169,385],"class_list":["post-14563","post","type-post","status-publish","format-standard","has-post-thumbnail","hentry","category-notizie","tag-chiesa","tag-leone-xiv","tag-notiziehome","tag-papa","tag-storia","tag-vaticano"],"yoast_head":"<!-- This site is optimized with the Yoast SEO plugin v27.3 - https:\/\/yoast.com\/product\/yoast-seo-wordpress\/ -->\n<title>Leone XIV \u00e8 il nuovo Papa - Rome International<\/title>\n<meta name=\"description\" content=\"Il cardinale statunitense\u00a0Robert Francis Prevost\u00a0\u00e8 stato eletto Papa, con il nome di Papa Leone XIV.\" \/>\n<meta name=\"robots\" content=\"index, follow, max-snippet:-1, max-image-preview:large, max-video-preview:-1\" \/>\n<link rel=\"canonical\" href=\"https:\/\/romeinternational.it\/it\/2025\/05\/09\/leone-xiv-e-il-nuovo-papa\/\" \/>\n<meta property=\"og:locale\" content=\"it_IT\" \/>\n<meta property=\"og:type\" content=\"article\" \/>\n<meta property=\"og:title\" content=\"Leone XIV \u00e8 il nuovo Papa - Rome International\" \/>\n<meta property=\"og:description\" content=\"Il cardinale statunitense\u00a0Robert Francis Prevost\u00a0\u00e8 stato eletto Papa, con il nome di Papa Leone XIV.\" \/>\n<meta property=\"og:url\" content=\"https:\/\/romeinternational.it\/it\/2025\/05\/09\/leone-xiv-e-il-nuovo-papa\/\" \/>\n<meta property=\"og:site_name\" content=\"Rome International\" \/>\n<meta property=\"article:published_time\" content=\"2025-05-09T08:29:03+00:00\" \/>\n<meta property=\"article:modified_time\" content=\"2025-05-09T08:29:24+00:00\" \/>\n<meta property=\"og:image\" content=\"https:\/\/romeinternational.it\/it\/wp-content\/uploads\/2025\/05\/d0ba2253-7a12-4bd3-a75b-f13d58bff037.jpeg\" \/>\n\t<meta property=\"og:image:width\" content=\"1920\" \/>\n\t<meta property=\"og:image:height\" content=\"1080\" \/>\n\t<meta property=\"og:image:type\" content=\"image\/jpeg\" \/>\n<meta name=\"author\" content=\"admin\" \/>\n<meta name=\"twitter:card\" content=\"summary_large_image\" \/>\n<meta name=\"twitter:label1\" content=\"Scritto da\" \/>\n\t<meta name=\"twitter:data1\" content=\"admin\" \/>\n\t<meta name=\"twitter:label2\" content=\"Tempo di lettura stimato\" \/>\n\t<meta name=\"twitter:data2\" content=\"2 minuti\" \/>\n<script type=\"application\/ld+json\" class=\"yoast-schema-graph\">{\"@context\":\"https:\\\/\\\/schema.org\",\"@graph\":[{\"@type\":\"Article\",\"@id\":\"https:\\\/\\\/romeinternational.it\\\/it\\\/2025\\\/05\\\/09\\\/leone-xiv-e-il-nuovo-papa\\\/#article\",\"isPartOf\":{\"@id\":\"https:\\\/\\\/romeinternational.it\\\/it\\\/2025\\\/05\\\/09\\\/leone-xiv-e-il-nuovo-papa\\\/\"},\"author\":{\"name\":\"admin\",\"@id\":\"https:\\\/\\\/romeinternational.it\\\/it\\\/#\\\/schema\\\/person\\\/9d55f71a6bc3162c2a2e59038761c045\"},\"headline\":\"Leone XIV \u00e8 il nuovo Papa\",\"datePublished\":\"2025-05-09T08:29:03+00:00\",\"dateModified\":\"2025-05-09T08:29:24+00:00\",\"mainEntityOfPage\":{\"@id\":\"https:\\\/\\\/romeinternational.it\\\/it\\\/2025\\\/05\\\/09\\\/leone-xiv-e-il-nuovo-papa\\\/\"},\"wordCount\":161,\"publisher\":{\"@id\":\"https:\\\/\\\/romeinternational.it\\\/it\\\/#organization\"},\"image\":{\"@id\":\"https:\\\/\\\/romeinternational.it\\\/it\\\/2025\\\/05\\\/09\\\/leone-xiv-e-il-nuovo-papa\\\/#primaryimage\"},\"thumbnailUrl\":\"https:\\\/\\\/romeinternational.it\\\/it\\\/wp-content\\\/uploads\\\/2025\\\/05\\\/d0ba2253-7a12-4bd3-a75b-f13d58bff037.jpeg\",\"keywords\":[\"Chiesa\",\"Leone XIV\",\"Notiziehome\",\"Papa\",\"Storia\",\"Vaticano\"],\"articleSection\":[\"Notizie\"],\"inLanguage\":\"it-IT\"},{\"@type\":\"WebPage\",\"@id\":\"https:\\\/\\\/romeinternational.it\\\/it\\\/2025\\\/05\\\/09\\\/leone-xiv-e-il-nuovo-papa\\\/\",\"url\":\"https:\\\/\\\/romeinternational.it\\\/it\\\/2025\\\/05\\\/09\\\/leone-xiv-e-il-nuovo-papa\\\/\",\"name\":\"Leone XIV \u00e8 il nuovo Papa - Rome International\",\"isPartOf\":{\"@id\":\"https:\\\/\\\/romeinternational.it\\\/it\\\/#website\"},\"primaryImageOfPage\":{\"@id\":\"https:\\\/\\\/romeinternational.it\\\/it\\\/2025\\\/05\\\/09\\\/leone-xiv-e-il-nuovo-papa\\\/#primaryimage\"},\"image\":{\"@id\":\"https:\\\/\\\/romeinternational.it\\\/it\\\/2025\\\/05\\\/09\\\/leone-xiv-e-il-nuovo-papa\\\/#primaryimage\"},\"thumbnailUrl\":\"https:\\\/\\\/romeinternational.it\\\/it\\\/wp-content\\\/uploads\\\/2025\\\/05\\\/d0ba2253-7a12-4bd3-a75b-f13d58bff037.jpeg\",\"datePublished\":\"2025-05-09T08:29:03+00:00\",\"dateModified\":\"2025-05-09T08:29:24+00:00\",\"description\":\"Il cardinale statunitense\u00a0Robert Francis Prevost\u00a0\u00e8 stato eletto Papa, con il nome di Papa Leone XIV.\",\"breadcrumb\":{\"@id\":\"https:\\\/\\\/romeinternational.it\\\/it\\\/2025\\\/05\\\/09\\\/leone-xiv-e-il-nuovo-papa\\\/#breadcrumb\"},\"inLanguage\":\"it-IT\",\"potentialAction\":[{\"@type\":\"ReadAction\",\"target\":[\"https:\\\/\\\/romeinternational.it\\\/it\\\/2025\\\/05\\\/09\\\/leone-xiv-e-il-nuovo-papa\\\/\"]}]},{\"@type\":\"ImageObject\",\"inLanguage\":\"it-IT\",\"@id\":\"https:\\\/\\\/romeinternational.it\\\/it\\\/2025\\\/05\\\/09\\\/leone-xiv-e-il-nuovo-papa\\\/#primaryimage\",\"url\":\"https:\\\/\\\/romeinternational.it\\\/it\\\/wp-content\\\/uploads\\\/2025\\\/05\\\/d0ba2253-7a12-4bd3-a75b-f13d58bff037.jpeg\",\"contentUrl\":\"https:\\\/\\\/romeinternational.it\\\/it\\\/wp-content\\\/uploads\\\/2025\\\/05\\\/d0ba2253-7a12-4bd3-a75b-f13d58bff037.jpeg\",\"width\":1920,\"height\":1080},{\"@type\":\"BreadcrumbList\",\"@id\":\"https:\\\/\\\/romeinternational.it\\\/it\\\/2025\\\/05\\\/09\\\/leone-xiv-e-il-nuovo-papa\\\/#breadcrumb\",\"itemListElement\":[{\"@type\":\"ListItem\",\"position\":1,\"name\":\"Home\",\"item\":\"https:\\\/\\\/romeinternational.it\\\/it\\\/\"},{\"@type\":\"ListItem\",\"position\":2,\"name\":\"Leone XIV \u00e8 il nuovo Papa\"}]},{\"@type\":\"WebSite\",\"@id\":\"https:\\\/\\\/romeinternational.it\\\/it\\\/#website\",\"url\":\"https:\\\/\\\/romeinternational.it\\\/it\\\/\",\"name\":\"Rome International\",\"description\":\"La guida agli eventi nella capitale\",\"publisher\":{\"@id\":\"https:\\\/\\\/romeinternational.it\\\/it\\\/#organization\"},\"potentialAction\":[{\"@type\":\"SearchAction\",\"target\":{\"@type\":\"EntryPoint\",\"urlTemplate\":\"https:\\\/\\\/romeinternational.it\\\/it\\\/?s={search_term_string}\"},\"query-input\":{\"@type\":\"PropertyValueSpecification\",\"valueRequired\":true,\"valueName\":\"search_term_string\"}}],\"inLanguage\":\"it-IT\"},{\"@type\":\"Organization\",\"@id\":\"https:\\\/\\\/romeinternational.it\\\/it\\\/#organization\",\"name\":\"Planet Diplomacy srls\",\"url\":\"https:\\\/\\\/romeinternational.it\\\/it\\\/\",\"logo\":{\"@type\":\"ImageObject\",\"inLanguage\":\"it-IT\",\"@id\":\"https:\\\/\\\/romeinternational.it\\\/it\\\/#\\\/schema\\\/logo\\\/image\\\/\",\"url\":\"https:\\\/\\\/romeinternational.it\\\/it\\\/wp-content\\\/uploads\\\/2021\\\/09\\\/Rome-Int-1440-1.png\",\"contentUrl\":\"https:\\\/\\\/romeinternational.it\\\/it\\\/wp-content\\\/uploads\\\/2021\\\/09\\\/Rome-Int-1440-1.png\",\"width\":1440,\"height\":270,\"caption\":\"Planet Diplomacy srls\"},\"image\":{\"@id\":\"https:\\\/\\\/romeinternational.it\\\/it\\\/#\\\/schema\\\/logo\\\/image\\\/\"}},{\"@type\":\"Person\",\"@id\":\"https:\\\/\\\/romeinternational.it\\\/it\\\/#\\\/schema\\\/person\\\/9d55f71a6bc3162c2a2e59038761c045\",\"name\":\"admin\",\"url\":\"https:\\\/\\\/romeinternational.it\\\/it\\\/author\\\/diplomacy\\\/\"}]}<\/script>\n<!-- \/ Yoast SEO plugin. -->","yoast_head_json":{"title":"Leone XIV \u00e8 il nuovo Papa - Rome International","description":"Il cardinale statunitense\u00a0Robert Francis Prevost\u00a0\u00e8 stato eletto Papa, con il nome di Papa Leone XIV.","robots":{"index":"index","follow":"follow","max-snippet":"max-snippet:-1","max-image-preview":"max-image-preview:large","max-video-preview":"max-video-preview:-1"},"canonical":"https:\/\/romeinternational.it\/it\/2025\/05\/09\/leone-xiv-e-il-nuovo-papa\/","og_locale":"it_IT","og_type":"article","og_title":"Leone XIV \u00e8 il nuovo Papa - Rome International","og_description":"Il cardinale statunitense\u00a0Robert Francis Prevost\u00a0\u00e8 stato eletto Papa, con il nome di Papa Leone XIV.","og_url":"https:\/\/romeinternational.it\/it\/2025\/05\/09\/leone-xiv-e-il-nuovo-papa\/","og_site_name":"Rome International","article_published_time":"2025-05-09T08:29:03+00:00","article_modified_time":"2025-05-09T08:29:24+00:00","og_image":[{"width":1920,"height":1080,"url":"https:\/\/romeinternational.it\/it\/wp-content\/uploads\/2025\/05\/d0ba2253-7a12-4bd3-a75b-f13d58bff037.jpeg","type":"image\/jpeg"}],"author":"admin","twitter_card":"summary_large_image","twitter_misc":{"Scritto da":"admin","Tempo di lettura stimato":"2 minuti"},"schema":{"@context":"https:\/\/schema.org","@graph":[{"@type":"Article","@id":"https:\/\/romeinternational.it\/it\/2025\/05\/09\/leone-xiv-e-il-nuovo-papa\/#article","isPartOf":{"@id":"https:\/\/romeinternational.it\/it\/2025\/05\/09\/leone-xiv-e-il-nuovo-papa\/"},"author":{"name":"admin","@id":"https:\/\/romeinternational.it\/it\/#\/schema\/person\/9d55f71a6bc3162c2a2e59038761c045"},"headline":"Leone XIV \u00e8 il nuovo Papa","datePublished":"2025-05-09T08:29:03+00:00","dateModified":"2025-05-09T08:29:24+00:00","mainEntityOfPage":{"@id":"https:\/\/romeinternational.it\/it\/2025\/05\/09\/leone-xiv-e-il-nuovo-papa\/"},"wordCount":161,"publisher":{"@id":"https:\/\/romeinternational.it\/it\/#organization"},"image":{"@id":"https:\/\/romeinternational.it\/it\/2025\/05\/09\/leone-xiv-e-il-nuovo-papa\/#primaryimage"},"thumbnailUrl":"https:\/\/romeinternational.it\/it\/wp-content\/uploads\/2025\/05\/d0ba2253-7a12-4bd3-a75b-f13d58bff037.jpeg","keywords":["Chiesa","Leone XIV","Notiziehome","Papa","Storia","Vaticano"],"articleSection":["Notizie"],"inLanguage":"it-IT"},{"@type":"WebPage","@id":"https:\/\/romeinternational.it\/it\/2025\/05\/09\/leone-xiv-e-il-nuovo-papa\/","url":"https:\/\/romeinternational.it\/it\/2025\/05\/09\/leone-xiv-e-il-nuovo-papa\/","name":"Leone XIV \u00e8 il nuovo Papa - Rome International","isPartOf":{"@id":"https:\/\/romeinternational.it\/it\/#website"},"primaryImageOfPage":{"@id":"https:\/\/romeinternational.it\/it\/2025\/05\/09\/leone-xiv-e-il-nuovo-papa\/#primaryimage"},"image":{"@id":"https:\/\/romeinternational.it\/it\/2025\/05\/09\/leone-xiv-e-il-nuovo-papa\/#primaryimage"},"thumbnailUrl":"https:\/\/romeinternational.it\/it\/wp-content\/uploads\/2025\/05\/d0ba2253-7a12-4bd3-a75b-f13d58bff037.jpeg","datePublished":"2025-05-09T08:29:03+00:00","dateModified":"2025-05-09T08:29:24+00:00","description":"Il cardinale statunitense\u00a0Robert Francis Prevost\u00a0\u00e8 stato eletto Papa, con il nome di Papa Leone XIV.","breadcrumb":{"@id":"https:\/\/romeinternational.it\/it\/2025\/05\/09\/leone-xiv-e-il-nuovo-papa\/#breadcrumb"},"inLanguage":"it-IT","potentialAction":[{"@type":"ReadAction","target":["https:\/\/romeinternational.it\/it\/2025\/05\/09\/leone-xiv-e-il-nuovo-papa\/"]}]},{"@type":"ImageObject","inLanguage":"it-IT","@id":"https:\/\/romeinternational.it\/it\/2025\/05\/09\/leone-xiv-e-il-nuovo-papa\/#primaryimage","url":"https:\/\/romeinternational.it\/it\/wp-content\/uploads\/2025\/05\/d0ba2253-7a12-4bd3-a75b-f13d58bff037.jpeg","contentUrl":"https:\/\/romeinternational.it\/it\/wp-content\/uploads\/2025\/05\/d0ba2253-7a12-4bd3-a75b-f13d58bff037.jpeg","width":1920,"height":1080},{"@type":"BreadcrumbList","@id":"https:\/\/romeinternational.it\/it\/2025\/05\/09\/leone-xiv-e-il-nuovo-papa\/#breadcrumb","itemListElement":[{"@type":"ListItem","position":1,"name":"Home","item":"https:\/\/romeinternational.it\/it\/"},{"@type":"ListItem","position":2,"name":"Leone XIV \u00e8 il nuovo Papa"}]},{"@type":"WebSite","@id":"https:\/\/romeinternational.it\/it\/#website","url":"https:\/\/romeinternational.it\/it\/","name":"Rome International","description":"La guida agli eventi nella capitale","publisher":{"@id":"https:\/\/romeinternational.it\/it\/#organization"},"potentialAction":[{"@type":"SearchAction","target":{"@type":"EntryPoint","urlTemplate":"https:\/\/romeinternational.it\/it\/?s={search_term_string}"},"query-input":{"@type":"PropertyValueSpecification","valueRequired":true,"valueName":"search_term_string"}}],"inLanguage":"it-IT"},{"@type":"Organization","@id":"https:\/\/romeinternational.it\/it\/#organization","name":"Planet Diplomacy srls","url":"https:\/\/romeinternational.it\/it\/","logo":{"@type":"ImageObject","inLanguage":"it-IT","@id":"https:\/\/romeinternational.it\/it\/#\/schema\/logo\/image\/","url":"https:\/\/romeinternational.it\/it\/wp-content\/uploads\/2021\/09\/Rome-Int-1440-1.png","contentUrl":"https:\/\/romeinternational.it\/it\/wp-content\/uploads\/2021\/09\/Rome-Int-1440-1.png","width":1440,"height":270,"caption":"Planet Diplomacy srls"},"image":{"@id":"https:\/\/romeinternational.it\/it\/#\/schema\/logo\/image\/"}},{"@type":"Person","@id":"https:\/\/romeinternational.it\/it\/#\/schema\/person\/9d55f71a6bc3162c2a2e59038761c045","name":"admin","url":"https:\/\/romeinternational.it\/it\/author\/diplomacy\/"}]}},"_links":{"self":[{"href":"https:\/\/romeinternational.it\/it\/wp-json\/wp\/v2\/posts\/14563","targetHints":{"allow":["GET"]}}],"collection":[{"href":"https:\/\/romeinternational.it\/it\/wp-json\/wp\/v2\/posts"}],"about":[{"href":"https:\/\/romeinternational.it\/it\/wp-json\/wp\/v2\/types\/post"}],"author":[{"embeddable":true,"href":"https:\/\/romeinternational.it\/it\/wp-json\/wp\/v2\/users\/3"}],"replies":[{"embeddable":true,"href":"https:\/\/romeinternational.it\/it\/wp-json\/wp\/v2\/comments?post=14563"}],"version-history":[{"count":1,"href":"https:\/\/romeinternational.it\/it\/wp-json\/wp\/v2\/posts\/14563\/revisions"}],"predecessor-version":[{"id":14565,"href":"https:\/\/romeinternational.it\/it\/wp-json\/wp\/v2\/posts\/14563\/revisions\/14565"}],"wp:featuredmedia":[{"embeddable":true,"href":"https:\/\/romeinternational.it\/it\/wp-json\/wp\/v2\/media\/14564"}],"wp:attachment":[{"href":"https:\/\/romeinternational.it\/it\/wp-json\/wp\/v2\/media?parent=14563"}],"wp:term":[{"taxonomy":"category","embeddable":true,"href":"https:\/\/romeinternational.it\/it\/wp-json\/wp\/v2\/categories?post=14563"},{"taxonomy":"post_tag","embeddable":true,"href":"https:\/\/romeinternational.it\/it\/wp-json\/wp\/v2\/tags?post=14563"}],"curies":[{"name":"wp","href":"https:\/\/api.w.org\/{rel}","templated":true}]}}