{"id":12870,"date":"2025-03-05T16:32:06","date_gmt":"2025-03-05T15:32:06","guid":{"rendered":"https:\/\/romeinternational.it\/it\/?p=12870"},"modified":"2025-03-05T16:32:07","modified_gmt":"2025-03-05T15:32:07","slug":"caleidoscopio-de-voces","status":"publish","type":"post","link":"https:\/\/romeinternational.it\/it\/2025\/03\/05\/caleidoscopio-de-voces\/","title":{"rendered":"Caleidoscopio de Voces"},"content":{"rendered":"\n<p>In occasione della&nbsp;<strong>Giornata Mondiale della Poesia<\/strong>, proclamata dall&#8217;UNESCO nel 1999 e celebrata il 21 marzo, l\u2019<strong>IILA presenta &#8220;Caleidoscopio de Voces&#8221;<\/strong>: attraverso le pagine social dell\u2019IILA, sei poeti latinoamericani ci accompagneranno in un viaggio nella poesia contemporanea dell&#8217;America Latina. Il programma \u00e8 a cura di Matteo Lef\u00e8vre, Universit\u00e0 di Roma \u201cTor Vergata\u201d.<br><br>Il tema di questa edizione \u00e8&nbsp;<strong>&#8220;Territori della poesia\u201d<\/strong>. I&nbsp;<em>territori<\/em>&nbsp;della poesia abbracciano spazi fisici e spirituali, panorami reali e immaginari, concretezza e fantasia. Da questa prospettiva nasce la volont\u00e0 di inquadrare e diffondere una poesia che si sviluppi accanto alla musica, al video e alle arti visive in una pluralit\u00e0 di linguaggi creativi e innovativi.<br><br>Le opere dei poeti verranno condivise settimanalmente sulle pagine social dell\u2019IILA:<\/p>\n\n\n\n<ul class=\"wp-block-list\">\n<li>Carmen Leonor Ferro (Venezuela)<\/li>\n\n\n\n<li>Aurora Floral\u00a0(Valery C\u00e9spedes) (Cile)<\/li>\n\n\n\n<li>Checo Mendoza (Messico)<\/li>\n\n\n\n<li>Fernanda Cort\u00e9s (Colombia)<\/li>\n\n\n\n<li>Florencia Dapiaggi (Argentina)<\/li>\n\n\n\n<li>Arte Olarte (Mariana Olarte) (Colombia)<\/li>\n<\/ul>\n","protected":false},"excerpt":{"rendered":"<p>In occasione della&nbsp;Giornata Mondiale della Poesia, proclamata dall&#8217;UNESCO nel 1999 e celebrata il 21 marzo, l\u2019IILA presenta &#8220;Caleidoscopio de Voces&#8221;: attraverso le pagine social dell\u2019IILA, sei poeti latinoamericani ci accompagneranno in un viaggio nella poesia contemporanea dell&#8217;America Latina. Il programma \u00e8 a cura di Matteo Lef\u00e8vre, Universit\u00e0 di Roma \u201cTor Vergata\u201d. Il tema di questa [&#8230;]\n","protected":false},"author":3,"featured_media":12871,"comment_status":"closed","ping_status":"closed","sticky":false,"template":"","format":"standard","meta":{"footnotes":""},"categories":[138],"tags":[165,139,1204],"class_list":["post-12870","post","type-post","status-publish","format-standard","has-post-thumbnail","hentry","category-notizie","tag-arte","tag-notiziehome","tag-poesia"],"yoast_head":"<!-- This site is optimized with the Yoast SEO plugin v27.3 - https:\/\/yoast.com\/product\/yoast-seo-wordpress\/ -->\n<title>Caleidoscopio de Voces - Rome International<\/title>\n<meta name=\"description\" content=\"In occasione della\u00a0Giornata Mondiale della Poesia, proclamata dall&#039;UNESCO nel 1999 e celebrata il 21 marzo, l\u2019IILA presenta &quot;Caleidoscopio de Voces&quot;: attraverso le pagine social dell\u2019IILA, sei poeti latinoamericani ci accompagneranno in un viaggio nella poesia contemporanea dell&#039;America Latina\" \/>\n<meta name=\"robots\" content=\"index, follow, max-snippet:-1, max-image-preview:large, max-video-preview:-1\" \/>\n<link rel=\"canonical\" href=\"https:\/\/romeinternational.it\/it\/2025\/03\/05\/caleidoscopio-de-voces\/\" \/>\n<meta property=\"og:locale\" content=\"it_IT\" \/>\n<meta property=\"og:type\" content=\"article\" \/>\n<meta property=\"og:title\" content=\"Caleidoscopio de Voces - Rome International\" \/>\n<meta property=\"og:description\" content=\"In occasione della\u00a0Giornata Mondiale della Poesia, proclamata dall&#039;UNESCO nel 1999 e celebrata il 21 marzo, l\u2019IILA presenta &quot;Caleidoscopio de Voces&quot;: attraverso le pagine social dell\u2019IILA, sei poeti latinoamericani ci accompagneranno in un viaggio nella poesia contemporanea dell&#039;America Latina\" \/>\n<meta property=\"og:url\" content=\"https:\/\/romeinternational.it\/it\/2025\/03\/05\/caleidoscopio-de-voces\/\" \/>\n<meta property=\"og:site_name\" content=\"Rome International\" \/>\n<meta property=\"article:published_time\" content=\"2025-03-05T15:32:06+00:00\" \/>\n<meta property=\"article:modified_time\" content=\"2025-03-05T15:32:07+00:00\" \/>\n<meta property=\"og:image\" content=\"https:\/\/romeinternational.it\/it\/wp-content\/uploads\/2025\/03\/Caledoscopio.jpg\" \/>\n\t<meta property=\"og:image:width\" content=\"1124\" \/>\n\t<meta property=\"og:image:height\" content=\"1124\" \/>\n\t<meta property=\"og:image:type\" content=\"image\/jpeg\" \/>\n<meta name=\"author\" content=\"admin\" \/>\n<meta name=\"twitter:card\" content=\"summary_large_image\" \/>\n<meta name=\"twitter:label1\" content=\"Scritto da\" \/>\n\t<meta name=\"twitter:data1\" content=\"admin\" \/>\n\t<meta name=\"twitter:label2\" content=\"Tempo di lettura stimato\" \/>\n\t<meta name=\"twitter:data2\" content=\"1 minuto\" \/>\n<script type=\"application\/ld+json\" class=\"yoast-schema-graph\">{\"@context\":\"https:\\\/\\\/schema.org\",\"@graph\":[{\"@type\":\"Article\",\"@id\":\"https:\\\/\\\/romeinternational.it\\\/it\\\/2025\\\/03\\\/05\\\/caleidoscopio-de-voces\\\/#article\",\"isPartOf\":{\"@id\":\"https:\\\/\\\/romeinternational.it\\\/it\\\/2025\\\/03\\\/05\\\/caleidoscopio-de-voces\\\/\"},\"author\":{\"name\":\"admin\",\"@id\":\"https:\\\/\\\/romeinternational.it\\\/it\\\/#\\\/schema\\\/person\\\/9d55f71a6bc3162c2a2e59038761c045\"},\"headline\":\"Caleidoscopio de Voces\",\"datePublished\":\"2025-03-05T15:32:06+00:00\",\"dateModified\":\"2025-03-05T15:32:07+00:00\",\"mainEntityOfPage\":{\"@id\":\"https:\\\/\\\/romeinternational.it\\\/it\\\/2025\\\/03\\\/05\\\/caleidoscopio-de-voces\\\/\"},\"wordCount\":154,\"publisher\":{\"@id\":\"https:\\\/\\\/romeinternational.it\\\/it\\\/#organization\"},\"image\":{\"@id\":\"https:\\\/\\\/romeinternational.it\\\/it\\\/2025\\\/03\\\/05\\\/caleidoscopio-de-voces\\\/#primaryimage\"},\"thumbnailUrl\":\"https:\\\/\\\/romeinternational.it\\\/it\\\/wp-content\\\/uploads\\\/2025\\\/03\\\/Caledoscopio.jpg\",\"keywords\":[\"Arte\",\"Notiziehome\",\"Poesia\"],\"articleSection\":[\"Notizie\"],\"inLanguage\":\"it-IT\"},{\"@type\":\"WebPage\",\"@id\":\"https:\\\/\\\/romeinternational.it\\\/it\\\/2025\\\/03\\\/05\\\/caleidoscopio-de-voces\\\/\",\"url\":\"https:\\\/\\\/romeinternational.it\\\/it\\\/2025\\\/03\\\/05\\\/caleidoscopio-de-voces\\\/\",\"name\":\"Caleidoscopio de Voces - Rome International\",\"isPartOf\":{\"@id\":\"https:\\\/\\\/romeinternational.it\\\/it\\\/#website\"},\"primaryImageOfPage\":{\"@id\":\"https:\\\/\\\/romeinternational.it\\\/it\\\/2025\\\/03\\\/05\\\/caleidoscopio-de-voces\\\/#primaryimage\"},\"image\":{\"@id\":\"https:\\\/\\\/romeinternational.it\\\/it\\\/2025\\\/03\\\/05\\\/caleidoscopio-de-voces\\\/#primaryimage\"},\"thumbnailUrl\":\"https:\\\/\\\/romeinternational.it\\\/it\\\/wp-content\\\/uploads\\\/2025\\\/03\\\/Caledoscopio.jpg\",\"datePublished\":\"2025-03-05T15:32:06+00:00\",\"dateModified\":\"2025-03-05T15:32:07+00:00\",\"description\":\"In occasione della\u00a0Giornata Mondiale della Poesia, proclamata dall'UNESCO nel 1999 e celebrata il 21 marzo, l\u2019IILA presenta \\\"Caleidoscopio de Voces\\\": attraverso le pagine social dell\u2019IILA, sei poeti latinoamericani ci accompagneranno in un viaggio nella poesia contemporanea dell'America Latina\",\"breadcrumb\":{\"@id\":\"https:\\\/\\\/romeinternational.it\\\/it\\\/2025\\\/03\\\/05\\\/caleidoscopio-de-voces\\\/#breadcrumb\"},\"inLanguage\":\"it-IT\",\"potentialAction\":[{\"@type\":\"ReadAction\",\"target\":[\"https:\\\/\\\/romeinternational.it\\\/it\\\/2025\\\/03\\\/05\\\/caleidoscopio-de-voces\\\/\"]}]},{\"@type\":\"ImageObject\",\"inLanguage\":\"it-IT\",\"@id\":\"https:\\\/\\\/romeinternational.it\\\/it\\\/2025\\\/03\\\/05\\\/caleidoscopio-de-voces\\\/#primaryimage\",\"url\":\"https:\\\/\\\/romeinternational.it\\\/it\\\/wp-content\\\/uploads\\\/2025\\\/03\\\/Caledoscopio.jpg\",\"contentUrl\":\"https:\\\/\\\/romeinternational.it\\\/it\\\/wp-content\\\/uploads\\\/2025\\\/03\\\/Caledoscopio.jpg\",\"width\":1124,\"height\":1124},{\"@type\":\"BreadcrumbList\",\"@id\":\"https:\\\/\\\/romeinternational.it\\\/it\\\/2025\\\/03\\\/05\\\/caleidoscopio-de-voces\\\/#breadcrumb\",\"itemListElement\":[{\"@type\":\"ListItem\",\"position\":1,\"name\":\"Home\",\"item\":\"https:\\\/\\\/romeinternational.it\\\/it\\\/\"},{\"@type\":\"ListItem\",\"position\":2,\"name\":\"Caleidoscopio de Voces\"}]},{\"@type\":\"WebSite\",\"@id\":\"https:\\\/\\\/romeinternational.it\\\/it\\\/#website\",\"url\":\"https:\\\/\\\/romeinternational.it\\\/it\\\/\",\"name\":\"Rome International\",\"description\":\"La guida agli eventi nella capitale\",\"publisher\":{\"@id\":\"https:\\\/\\\/romeinternational.it\\\/it\\\/#organization\"},\"potentialAction\":[{\"@type\":\"SearchAction\",\"target\":{\"@type\":\"EntryPoint\",\"urlTemplate\":\"https:\\\/\\\/romeinternational.it\\\/it\\\/?s={search_term_string}\"},\"query-input\":{\"@type\":\"PropertyValueSpecification\",\"valueRequired\":true,\"valueName\":\"search_term_string\"}}],\"inLanguage\":\"it-IT\"},{\"@type\":\"Organization\",\"@id\":\"https:\\\/\\\/romeinternational.it\\\/it\\\/#organization\",\"name\":\"Planet Diplomacy srls\",\"url\":\"https:\\\/\\\/romeinternational.it\\\/it\\\/\",\"logo\":{\"@type\":\"ImageObject\",\"inLanguage\":\"it-IT\",\"@id\":\"https:\\\/\\\/romeinternational.it\\\/it\\\/#\\\/schema\\\/logo\\\/image\\\/\",\"url\":\"https:\\\/\\\/romeinternational.it\\\/it\\\/wp-content\\\/uploads\\\/2021\\\/09\\\/Rome-Int-1440-1.png\",\"contentUrl\":\"https:\\\/\\\/romeinternational.it\\\/it\\\/wp-content\\\/uploads\\\/2021\\\/09\\\/Rome-Int-1440-1.png\",\"width\":1440,\"height\":270,\"caption\":\"Planet Diplomacy srls\"},\"image\":{\"@id\":\"https:\\\/\\\/romeinternational.it\\\/it\\\/#\\\/schema\\\/logo\\\/image\\\/\"}},{\"@type\":\"Person\",\"@id\":\"https:\\\/\\\/romeinternational.it\\\/it\\\/#\\\/schema\\\/person\\\/9d55f71a6bc3162c2a2e59038761c045\",\"name\":\"admin\",\"url\":\"https:\\\/\\\/romeinternational.it\\\/it\\\/author\\\/diplomacy\\\/\"}]}<\/script>\n<!-- \/ Yoast SEO plugin. -->","yoast_head_json":{"title":"Caleidoscopio de Voces - Rome International","description":"In occasione della\u00a0Giornata Mondiale della Poesia, proclamata dall'UNESCO nel 1999 e celebrata il 21 marzo, l\u2019IILA presenta \"Caleidoscopio de Voces\": attraverso le pagine social dell\u2019IILA, sei poeti latinoamericani ci accompagneranno in un viaggio nella poesia contemporanea dell'America Latina","robots":{"index":"index","follow":"follow","max-snippet":"max-snippet:-1","max-image-preview":"max-image-preview:large","max-video-preview":"max-video-preview:-1"},"canonical":"https:\/\/romeinternational.it\/it\/2025\/03\/05\/caleidoscopio-de-voces\/","og_locale":"it_IT","og_type":"article","og_title":"Caleidoscopio de Voces - Rome International","og_description":"In occasione della\u00a0Giornata Mondiale della Poesia, proclamata dall'UNESCO nel 1999 e celebrata il 21 marzo, l\u2019IILA presenta \"Caleidoscopio de Voces\": attraverso le pagine social dell\u2019IILA, sei poeti latinoamericani ci accompagneranno in un viaggio nella poesia contemporanea dell'America Latina","og_url":"https:\/\/romeinternational.it\/it\/2025\/03\/05\/caleidoscopio-de-voces\/","og_site_name":"Rome International","article_published_time":"2025-03-05T15:32:06+00:00","article_modified_time":"2025-03-05T15:32:07+00:00","og_image":[{"width":1124,"height":1124,"url":"https:\/\/romeinternational.it\/it\/wp-content\/uploads\/2025\/03\/Caledoscopio.jpg","type":"image\/jpeg"}],"author":"admin","twitter_card":"summary_large_image","twitter_misc":{"Scritto da":"admin","Tempo di lettura stimato":"1 minuto"},"schema":{"@context":"https:\/\/schema.org","@graph":[{"@type":"Article","@id":"https:\/\/romeinternational.it\/it\/2025\/03\/05\/caleidoscopio-de-voces\/#article","isPartOf":{"@id":"https:\/\/romeinternational.it\/it\/2025\/03\/05\/caleidoscopio-de-voces\/"},"author":{"name":"admin","@id":"https:\/\/romeinternational.it\/it\/#\/schema\/person\/9d55f71a6bc3162c2a2e59038761c045"},"headline":"Caleidoscopio de Voces","datePublished":"2025-03-05T15:32:06+00:00","dateModified":"2025-03-05T15:32:07+00:00","mainEntityOfPage":{"@id":"https:\/\/romeinternational.it\/it\/2025\/03\/05\/caleidoscopio-de-voces\/"},"wordCount":154,"publisher":{"@id":"https:\/\/romeinternational.it\/it\/#organization"},"image":{"@id":"https:\/\/romeinternational.it\/it\/2025\/03\/05\/caleidoscopio-de-voces\/#primaryimage"},"thumbnailUrl":"https:\/\/romeinternational.it\/it\/wp-content\/uploads\/2025\/03\/Caledoscopio.jpg","keywords":["Arte","Notiziehome","Poesia"],"articleSection":["Notizie"],"inLanguage":"it-IT"},{"@type":"WebPage","@id":"https:\/\/romeinternational.it\/it\/2025\/03\/05\/caleidoscopio-de-voces\/","url":"https:\/\/romeinternational.it\/it\/2025\/03\/05\/caleidoscopio-de-voces\/","name":"Caleidoscopio de Voces - Rome International","isPartOf":{"@id":"https:\/\/romeinternational.it\/it\/#website"},"primaryImageOfPage":{"@id":"https:\/\/romeinternational.it\/it\/2025\/03\/05\/caleidoscopio-de-voces\/#primaryimage"},"image":{"@id":"https:\/\/romeinternational.it\/it\/2025\/03\/05\/caleidoscopio-de-voces\/#primaryimage"},"thumbnailUrl":"https:\/\/romeinternational.it\/it\/wp-content\/uploads\/2025\/03\/Caledoscopio.jpg","datePublished":"2025-03-05T15:32:06+00:00","dateModified":"2025-03-05T15:32:07+00:00","description":"In occasione della\u00a0Giornata Mondiale della Poesia, proclamata dall'UNESCO nel 1999 e celebrata il 21 marzo, l\u2019IILA presenta \"Caleidoscopio de Voces\": attraverso le pagine social dell\u2019IILA, sei poeti latinoamericani ci accompagneranno in un viaggio nella poesia contemporanea dell'America Latina","breadcrumb":{"@id":"https:\/\/romeinternational.it\/it\/2025\/03\/05\/caleidoscopio-de-voces\/#breadcrumb"},"inLanguage":"it-IT","potentialAction":[{"@type":"ReadAction","target":["https:\/\/romeinternational.it\/it\/2025\/03\/05\/caleidoscopio-de-voces\/"]}]},{"@type":"ImageObject","inLanguage":"it-IT","@id":"https:\/\/romeinternational.it\/it\/2025\/03\/05\/caleidoscopio-de-voces\/#primaryimage","url":"https:\/\/romeinternational.it\/it\/wp-content\/uploads\/2025\/03\/Caledoscopio.jpg","contentUrl":"https:\/\/romeinternational.it\/it\/wp-content\/uploads\/2025\/03\/Caledoscopio.jpg","width":1124,"height":1124},{"@type":"BreadcrumbList","@id":"https:\/\/romeinternational.it\/it\/2025\/03\/05\/caleidoscopio-de-voces\/#breadcrumb","itemListElement":[{"@type":"ListItem","position":1,"name":"Home","item":"https:\/\/romeinternational.it\/it\/"},{"@type":"ListItem","position":2,"name":"Caleidoscopio de Voces"}]},{"@type":"WebSite","@id":"https:\/\/romeinternational.it\/it\/#website","url":"https:\/\/romeinternational.it\/it\/","name":"Rome International","description":"La guida agli eventi nella capitale","publisher":{"@id":"https:\/\/romeinternational.it\/it\/#organization"},"potentialAction":[{"@type":"SearchAction","target":{"@type":"EntryPoint","urlTemplate":"https:\/\/romeinternational.it\/it\/?s={search_term_string}"},"query-input":{"@type":"PropertyValueSpecification","valueRequired":true,"valueName":"search_term_string"}}],"inLanguage":"it-IT"},{"@type":"Organization","@id":"https:\/\/romeinternational.it\/it\/#organization","name":"Planet Diplomacy srls","url":"https:\/\/romeinternational.it\/it\/","logo":{"@type":"ImageObject","inLanguage":"it-IT","@id":"https:\/\/romeinternational.it\/it\/#\/schema\/logo\/image\/","url":"https:\/\/romeinternational.it\/it\/wp-content\/uploads\/2021\/09\/Rome-Int-1440-1.png","contentUrl":"https:\/\/romeinternational.it\/it\/wp-content\/uploads\/2021\/09\/Rome-Int-1440-1.png","width":1440,"height":270,"caption":"Planet Diplomacy srls"},"image":{"@id":"https:\/\/romeinternational.it\/it\/#\/schema\/logo\/image\/"}},{"@type":"Person","@id":"https:\/\/romeinternational.it\/it\/#\/schema\/person\/9d55f71a6bc3162c2a2e59038761c045","name":"admin","url":"https:\/\/romeinternational.it\/it\/author\/diplomacy\/"}]}},"_links":{"self":[{"href":"https:\/\/romeinternational.it\/it\/wp-json\/wp\/v2\/posts\/12870","targetHints":{"allow":["GET"]}}],"collection":[{"href":"https:\/\/romeinternational.it\/it\/wp-json\/wp\/v2\/posts"}],"about":[{"href":"https:\/\/romeinternational.it\/it\/wp-json\/wp\/v2\/types\/post"}],"author":[{"embeddable":true,"href":"https:\/\/romeinternational.it\/it\/wp-json\/wp\/v2\/users\/3"}],"replies":[{"embeddable":true,"href":"https:\/\/romeinternational.it\/it\/wp-json\/wp\/v2\/comments?post=12870"}],"version-history":[{"count":1,"href":"https:\/\/romeinternational.it\/it\/wp-json\/wp\/v2\/posts\/12870\/revisions"}],"predecessor-version":[{"id":12872,"href":"https:\/\/romeinternational.it\/it\/wp-json\/wp\/v2\/posts\/12870\/revisions\/12872"}],"wp:featuredmedia":[{"embeddable":true,"href":"https:\/\/romeinternational.it\/it\/wp-json\/wp\/v2\/media\/12871"}],"wp:attachment":[{"href":"https:\/\/romeinternational.it\/it\/wp-json\/wp\/v2\/media?parent=12870"}],"wp:term":[{"taxonomy":"category","embeddable":true,"href":"https:\/\/romeinternational.it\/it\/wp-json\/wp\/v2\/categories?post=12870"},{"taxonomy":"post_tag","embeddable":true,"href":"https:\/\/romeinternational.it\/it\/wp-json\/wp\/v2\/tags?post=12870"}],"curies":[{"name":"wp","href":"https:\/\/api.w.org\/{rel}","templated":true}]}}