{"id":12696,"date":"2025-02-27T11:23:51","date_gmt":"2025-02-27T10:23:51","guid":{"rendered":"https:\/\/romeinternational.it\/it\/?p=12696"},"modified":"2025-02-27T14:00:05","modified_gmt":"2025-02-27T13:00:05","slug":"carnevale-a-casina-raffaello-le-iniziative","status":"publish","type":"post","link":"https:\/\/romeinternational.it\/it\/2025\/02\/27\/carnevale-a-casina-raffaello-le-iniziative\/","title":{"rendered":"Carnevale a Casina Raffaello: le iniziative"},"content":{"rendered":"\n<p>A Casina di Raffaello, lo spazio arte e creativit\u00e0 dell\u2019Assessorato alla Scuola, Formazione e Lavoro di Roma Capitale, gestito in collaborazione con Z\u00e8tema Progetto Cultura, \u00e8 tutto pronto per festeggiare insieme &#8211; piccoli, adulti e famiglie \u2013 la festa pi\u00f9 colorata dell\u2019anno, il Carnevale, all\u2019insegna della creativit\u00e0, dell\u2019allegria, della musica e della fantasia!<\/p>\n\n\n\n<p>La giornata di <strong>sabato 1\u00b0 marzo<\/strong> vedr\u00e0 le bambine e i bambini dai 2 agli 11 anni divertirsi a realizzare le maschere variopinte ispirate alla storia dell\u2019elefante Elmer, da indossare poi alla grande festa che marted\u00ec 4 marzo (Marted\u00ec Grasso) si terr\u00e0 <strong>dalle 15.00 alle 17.15<\/strong> nel grande spazio verde antistante la Casina di Raffaello. Sar\u00e0 un pomeriggio di grande allegria e divertimento, che coinvolger\u00e0 tutti, bambini e adulti, con tanti giochi, una parata in maschera e lo spettacolo itinerante musico-teatrale La Festa dei Colori a cura della compagnia Abraxa Teatro di Roma, animato da colorati e stravaganti trampolieri che coinvolgeranno i presenti con insolite coreografie e numeri di abilit\u00e0.<\/p>\n\n\n\n<p><strong>Il weekend<\/strong>, come di consueto, proporr\u00e0 anche le fantastiche letture animate in italiano, inglese e francese di classici della letteratura per l\u2019infanzia. Questa volta i bambini di 3-6 anni verranno coinvolti con le letture de Il palloncino rosso &#8211; The little red balloon di Iela Mari (sabato 1\u00b0 marzo) e Piccolo giallo e piccolo blu &#8211; Petit-Bleu et Petit-Jaune di Leo Lionni (domenica 2 marzo). Ogni lettura sar\u00e0 seguita da brevi attivit\u00e0 creative per giocare con segni, forme e colori.<\/p>\n\n\n\n<p>Ancora <strong>domenica 2 marzo,<\/strong> inoltre, per bambine e bambini dai 2 agli 11 anni continuano le attivit\u00e0 legate alla mostra in corso Piccolo Grande di Sophie Vissi\u00e8re: un\u2019occasione per conoscere il lavoro dell\u2019illustratrice francese &#8211; autrice dell\u2019albo illustrato Il piccolo libro delle grandi cose &#8211; e sperimentare nuovi punti di vista sulla realt\u00e0 che ci circonda, con i laboratori Grandi storie di piccole cose (2-4 anni), Visto da qui (4-6) e Dal mio punto di vista (6-11 anni).<\/p>\n\n\n\n<p>Info e dettagli su programma completo, orari, costi e modalit\u00e0 di partecipazione, sono consultabili sul sito <a href=\"http:\/\/www.casinadiraffaello.it\">www.casinadiraffaello.it<\/a> e sulle relative pagine social.<\/p>\n\n\n<div class=\"wp-block-image\">\n<figure class=\"aligncenter size-large\"><img loading=\"lazy\" decoding=\"async\" width=\"689\" height=\"1024\" src=\"https:\/\/romeinternational.it\/it\/wp-content\/uploads\/2025\/02\/locandina-8-689x1024.jpg\" alt=\"\" class=\"wp-image-12706\" srcset=\"https:\/\/romeinternational.it\/it\/wp-content\/uploads\/2025\/02\/locandina-8-689x1024.jpg 689w, https:\/\/romeinternational.it\/it\/wp-content\/uploads\/2025\/02\/locandina-8-202x300.jpg 202w, https:\/\/romeinternational.it\/it\/wp-content\/uploads\/2025\/02\/locandina-8-101x150.jpg 101w, https:\/\/romeinternational.it\/it\/wp-content\/uploads\/2025\/02\/locandina-8-768x1141.jpg 768w, https:\/\/romeinternational.it\/it\/wp-content\/uploads\/2025\/02\/locandina-8-150x223.jpg 150w, https:\/\/romeinternational.it\/it\/wp-content\/uploads\/2025\/02\/locandina-8-300x446.jpg 300w, https:\/\/romeinternational.it\/it\/wp-content\/uploads\/2025\/02\/locandina-8-696x1034.jpg 696w, https:\/\/romeinternational.it\/it\/wp-content\/uploads\/2025\/02\/locandina-8.jpg 935w\" sizes=\"auto, (max-width: 689px) 100vw, 689px\" \/><\/figure>\n<\/div>","protected":false},"excerpt":{"rendered":"<p>A Casina di Raffaello, lo spazio arte e creativit\u00e0 dell\u2019Assessorato alla Scuola, Formazione e Lavoro di Roma Capitale, gestito in collaborazione con Z\u00e8tema Progetto Cultura, \u00e8 tutto pronto per festeggiare insieme &#8211; piccoli, adulti e famiglie \u2013 la festa pi\u00f9 colorata dell\u2019anno, il Carnevale, all\u2019insegna della creativit\u00e0, dell\u2019allegria, della musica e della fantasia! La giornata [&#8230;]\n","protected":false},"author":3,"featured_media":12704,"comment_status":"closed","ping_status":"closed","sticky":false,"template":"","format":"standard","meta":{"footnotes":""},"categories":[138],"tags":[2123,139],"class_list":["post-12696","post","type-post","status-publish","format-standard","has-post-thumbnail","hentry","category-notizie","tag-carnevale","tag-notiziehome"],"yoast_head":"<!-- This site is optimized with the Yoast SEO plugin v27.3 - https:\/\/yoast.com\/product\/yoast-seo-wordpress\/ -->\n<title>Carnevale a Casina Raffaello: le iniziative - Rome International<\/title>\n<meta name=\"description\" content=\"A Casina di Raffaello la festa pi\u00f9 colorata dell\u2019anno, il Carnevale, all\u2019insegna di numerose iniziative\" \/>\n<meta name=\"robots\" content=\"index, follow, max-snippet:-1, max-image-preview:large, max-video-preview:-1\" \/>\n<link rel=\"canonical\" href=\"https:\/\/romeinternational.it\/it\/2025\/02\/27\/carnevale-a-casina-raffaello-le-iniziative\/\" \/>\n<meta property=\"og:locale\" content=\"it_IT\" \/>\n<meta property=\"og:type\" content=\"article\" \/>\n<meta property=\"og:title\" content=\"Carnevale a Casina Raffaello: le iniziative - Rome International\" \/>\n<meta property=\"og:description\" content=\"A Casina di Raffaello la festa pi\u00f9 colorata dell\u2019anno, il Carnevale, all\u2019insegna di numerose iniziative\" \/>\n<meta property=\"og:url\" content=\"https:\/\/romeinternational.it\/it\/2025\/02\/27\/carnevale-a-casina-raffaello-le-iniziative\/\" \/>\n<meta property=\"og:site_name\" content=\"Rome International\" \/>\n<meta property=\"article:published_time\" content=\"2025-02-27T10:23:51+00:00\" \/>\n<meta property=\"article:modified_time\" content=\"2025-02-27T13:00:05+00:00\" \/>\n<meta property=\"og:image\" content=\"https:\/\/romeinternational.it\/it\/wp-content\/uploads\/2025\/02\/casina-di-raffaello-ludoteca-biblioteca-libreria-sala-feste-bambini-villa-borghese-roma-8.jpg\" \/>\n\t<meta property=\"og:image:width\" content=\"2048\" \/>\n\t<meta property=\"og:image:height\" content=\"1536\" \/>\n\t<meta property=\"og:image:type\" content=\"image\/jpeg\" \/>\n<meta name=\"author\" content=\"admin\" \/>\n<meta name=\"twitter:card\" content=\"summary_large_image\" \/>\n<meta name=\"twitter:label1\" content=\"Scritto da\" \/>\n\t<meta name=\"twitter:data1\" content=\"admin\" \/>\n\t<meta name=\"twitter:label2\" content=\"Tempo di lettura stimato\" \/>\n\t<meta name=\"twitter:data2\" content=\"3 minuti\" \/>\n<script type=\"application\/ld+json\" class=\"yoast-schema-graph\">{\"@context\":\"https:\\\/\\\/schema.org\",\"@graph\":[{\"@type\":\"Article\",\"@id\":\"https:\\\/\\\/romeinternational.it\\\/it\\\/2025\\\/02\\\/27\\\/carnevale-a-casina-raffaello-le-iniziative\\\/#article\",\"isPartOf\":{\"@id\":\"https:\\\/\\\/romeinternational.it\\\/it\\\/2025\\\/02\\\/27\\\/carnevale-a-casina-raffaello-le-iniziative\\\/\"},\"author\":{\"name\":\"admin\",\"@id\":\"https:\\\/\\\/romeinternational.it\\\/it\\\/#\\\/schema\\\/person\\\/9d55f71a6bc3162c2a2e59038761c045\"},\"headline\":\"Carnevale a Casina Raffaello: le iniziative\",\"datePublished\":\"2025-02-27T10:23:51+00:00\",\"dateModified\":\"2025-02-27T13:00:05+00:00\",\"mainEntityOfPage\":{\"@id\":\"https:\\\/\\\/romeinternational.it\\\/it\\\/2025\\\/02\\\/27\\\/carnevale-a-casina-raffaello-le-iniziative\\\/\"},\"wordCount\":349,\"publisher\":{\"@id\":\"https:\\\/\\\/romeinternational.it\\\/it\\\/#organization\"},\"image\":{\"@id\":\"https:\\\/\\\/romeinternational.it\\\/it\\\/2025\\\/02\\\/27\\\/carnevale-a-casina-raffaello-le-iniziative\\\/#primaryimage\"},\"thumbnailUrl\":\"https:\\\/\\\/romeinternational.it\\\/it\\\/wp-content\\\/uploads\\\/2025\\\/02\\\/casina-di-raffaello-ludoteca-biblioteca-libreria-sala-feste-bambini-villa-borghese-roma-8.jpg\",\"keywords\":[\"Carnevale\",\"Notiziehome\"],\"articleSection\":[\"Notizie\"],\"inLanguage\":\"it-IT\"},{\"@type\":\"WebPage\",\"@id\":\"https:\\\/\\\/romeinternational.it\\\/it\\\/2025\\\/02\\\/27\\\/carnevale-a-casina-raffaello-le-iniziative\\\/\",\"url\":\"https:\\\/\\\/romeinternational.it\\\/it\\\/2025\\\/02\\\/27\\\/carnevale-a-casina-raffaello-le-iniziative\\\/\",\"name\":\"Carnevale a Casina Raffaello: le iniziative - Rome International\",\"isPartOf\":{\"@id\":\"https:\\\/\\\/romeinternational.it\\\/it\\\/#website\"},\"primaryImageOfPage\":{\"@id\":\"https:\\\/\\\/romeinternational.it\\\/it\\\/2025\\\/02\\\/27\\\/carnevale-a-casina-raffaello-le-iniziative\\\/#primaryimage\"},\"image\":{\"@id\":\"https:\\\/\\\/romeinternational.it\\\/it\\\/2025\\\/02\\\/27\\\/carnevale-a-casina-raffaello-le-iniziative\\\/#primaryimage\"},\"thumbnailUrl\":\"https:\\\/\\\/romeinternational.it\\\/it\\\/wp-content\\\/uploads\\\/2025\\\/02\\\/casina-di-raffaello-ludoteca-biblioteca-libreria-sala-feste-bambini-villa-borghese-roma-8.jpg\",\"datePublished\":\"2025-02-27T10:23:51+00:00\",\"dateModified\":\"2025-02-27T13:00:05+00:00\",\"description\":\"A Casina di Raffaello la festa pi\u00f9 colorata dell\u2019anno, il Carnevale, all\u2019insegna di numerose iniziative\",\"breadcrumb\":{\"@id\":\"https:\\\/\\\/romeinternational.it\\\/it\\\/2025\\\/02\\\/27\\\/carnevale-a-casina-raffaello-le-iniziative\\\/#breadcrumb\"},\"inLanguage\":\"it-IT\",\"potentialAction\":[{\"@type\":\"ReadAction\",\"target\":[\"https:\\\/\\\/romeinternational.it\\\/it\\\/2025\\\/02\\\/27\\\/carnevale-a-casina-raffaello-le-iniziative\\\/\"]}]},{\"@type\":\"ImageObject\",\"inLanguage\":\"it-IT\",\"@id\":\"https:\\\/\\\/romeinternational.it\\\/it\\\/2025\\\/02\\\/27\\\/carnevale-a-casina-raffaello-le-iniziative\\\/#primaryimage\",\"url\":\"https:\\\/\\\/romeinternational.it\\\/it\\\/wp-content\\\/uploads\\\/2025\\\/02\\\/casina-di-raffaello-ludoteca-biblioteca-libreria-sala-feste-bambini-villa-borghese-roma-8.jpg\",\"contentUrl\":\"https:\\\/\\\/romeinternational.it\\\/it\\\/wp-content\\\/uploads\\\/2025\\\/02\\\/casina-di-raffaello-ludoteca-biblioteca-libreria-sala-feste-bambini-villa-borghese-roma-8.jpg\",\"width\":2048,\"height\":1536},{\"@type\":\"BreadcrumbList\",\"@id\":\"https:\\\/\\\/romeinternational.it\\\/it\\\/2025\\\/02\\\/27\\\/carnevale-a-casina-raffaello-le-iniziative\\\/#breadcrumb\",\"itemListElement\":[{\"@type\":\"ListItem\",\"position\":1,\"name\":\"Home\",\"item\":\"https:\\\/\\\/romeinternational.it\\\/it\\\/\"},{\"@type\":\"ListItem\",\"position\":2,\"name\":\"Carnevale a Casina Raffaello: le iniziative\"}]},{\"@type\":\"WebSite\",\"@id\":\"https:\\\/\\\/romeinternational.it\\\/it\\\/#website\",\"url\":\"https:\\\/\\\/romeinternational.it\\\/it\\\/\",\"name\":\"Rome International\",\"description\":\"La guida agli eventi nella capitale\",\"publisher\":{\"@id\":\"https:\\\/\\\/romeinternational.it\\\/it\\\/#organization\"},\"potentialAction\":[{\"@type\":\"SearchAction\",\"target\":{\"@type\":\"EntryPoint\",\"urlTemplate\":\"https:\\\/\\\/romeinternational.it\\\/it\\\/?s={search_term_string}\"},\"query-input\":{\"@type\":\"PropertyValueSpecification\",\"valueRequired\":true,\"valueName\":\"search_term_string\"}}],\"inLanguage\":\"it-IT\"},{\"@type\":\"Organization\",\"@id\":\"https:\\\/\\\/romeinternational.it\\\/it\\\/#organization\",\"name\":\"Planet Diplomacy srls\",\"url\":\"https:\\\/\\\/romeinternational.it\\\/it\\\/\",\"logo\":{\"@type\":\"ImageObject\",\"inLanguage\":\"it-IT\",\"@id\":\"https:\\\/\\\/romeinternational.it\\\/it\\\/#\\\/schema\\\/logo\\\/image\\\/\",\"url\":\"https:\\\/\\\/romeinternational.it\\\/it\\\/wp-content\\\/uploads\\\/2021\\\/09\\\/Rome-Int-1440-1.png\",\"contentUrl\":\"https:\\\/\\\/romeinternational.it\\\/it\\\/wp-content\\\/uploads\\\/2021\\\/09\\\/Rome-Int-1440-1.png\",\"width\":1440,\"height\":270,\"caption\":\"Planet Diplomacy srls\"},\"image\":{\"@id\":\"https:\\\/\\\/romeinternational.it\\\/it\\\/#\\\/schema\\\/logo\\\/image\\\/\"}},{\"@type\":\"Person\",\"@id\":\"https:\\\/\\\/romeinternational.it\\\/it\\\/#\\\/schema\\\/person\\\/9d55f71a6bc3162c2a2e59038761c045\",\"name\":\"admin\",\"url\":\"https:\\\/\\\/romeinternational.it\\\/it\\\/author\\\/diplomacy\\\/\"}]}<\/script>\n<!-- \/ Yoast SEO plugin. -->","yoast_head_json":{"title":"Carnevale a Casina Raffaello: le iniziative - Rome International","description":"A Casina di Raffaello la festa pi\u00f9 colorata dell\u2019anno, il Carnevale, all\u2019insegna di numerose iniziative","robots":{"index":"index","follow":"follow","max-snippet":"max-snippet:-1","max-image-preview":"max-image-preview:large","max-video-preview":"max-video-preview:-1"},"canonical":"https:\/\/romeinternational.it\/it\/2025\/02\/27\/carnevale-a-casina-raffaello-le-iniziative\/","og_locale":"it_IT","og_type":"article","og_title":"Carnevale a Casina Raffaello: le iniziative - Rome International","og_description":"A Casina di Raffaello la festa pi\u00f9 colorata dell\u2019anno, il Carnevale, all\u2019insegna di numerose iniziative","og_url":"https:\/\/romeinternational.it\/it\/2025\/02\/27\/carnevale-a-casina-raffaello-le-iniziative\/","og_site_name":"Rome International","article_published_time":"2025-02-27T10:23:51+00:00","article_modified_time":"2025-02-27T13:00:05+00:00","og_image":[{"width":2048,"height":1536,"url":"https:\/\/romeinternational.it\/it\/wp-content\/uploads\/2025\/02\/casina-di-raffaello-ludoteca-biblioteca-libreria-sala-feste-bambini-villa-borghese-roma-8.jpg","type":"image\/jpeg"}],"author":"admin","twitter_card":"summary_large_image","twitter_misc":{"Scritto da":"admin","Tempo di lettura stimato":"3 minuti"},"schema":{"@context":"https:\/\/schema.org","@graph":[{"@type":"Article","@id":"https:\/\/romeinternational.it\/it\/2025\/02\/27\/carnevale-a-casina-raffaello-le-iniziative\/#article","isPartOf":{"@id":"https:\/\/romeinternational.it\/it\/2025\/02\/27\/carnevale-a-casina-raffaello-le-iniziative\/"},"author":{"name":"admin","@id":"https:\/\/romeinternational.it\/it\/#\/schema\/person\/9d55f71a6bc3162c2a2e59038761c045"},"headline":"Carnevale a Casina Raffaello: le iniziative","datePublished":"2025-02-27T10:23:51+00:00","dateModified":"2025-02-27T13:00:05+00:00","mainEntityOfPage":{"@id":"https:\/\/romeinternational.it\/it\/2025\/02\/27\/carnevale-a-casina-raffaello-le-iniziative\/"},"wordCount":349,"publisher":{"@id":"https:\/\/romeinternational.it\/it\/#organization"},"image":{"@id":"https:\/\/romeinternational.it\/it\/2025\/02\/27\/carnevale-a-casina-raffaello-le-iniziative\/#primaryimage"},"thumbnailUrl":"https:\/\/romeinternational.it\/it\/wp-content\/uploads\/2025\/02\/casina-di-raffaello-ludoteca-biblioteca-libreria-sala-feste-bambini-villa-borghese-roma-8.jpg","keywords":["Carnevale","Notiziehome"],"articleSection":["Notizie"],"inLanguage":"it-IT"},{"@type":"WebPage","@id":"https:\/\/romeinternational.it\/it\/2025\/02\/27\/carnevale-a-casina-raffaello-le-iniziative\/","url":"https:\/\/romeinternational.it\/it\/2025\/02\/27\/carnevale-a-casina-raffaello-le-iniziative\/","name":"Carnevale a Casina Raffaello: le iniziative - Rome International","isPartOf":{"@id":"https:\/\/romeinternational.it\/it\/#website"},"primaryImageOfPage":{"@id":"https:\/\/romeinternational.it\/it\/2025\/02\/27\/carnevale-a-casina-raffaello-le-iniziative\/#primaryimage"},"image":{"@id":"https:\/\/romeinternational.it\/it\/2025\/02\/27\/carnevale-a-casina-raffaello-le-iniziative\/#primaryimage"},"thumbnailUrl":"https:\/\/romeinternational.it\/it\/wp-content\/uploads\/2025\/02\/casina-di-raffaello-ludoteca-biblioteca-libreria-sala-feste-bambini-villa-borghese-roma-8.jpg","datePublished":"2025-02-27T10:23:51+00:00","dateModified":"2025-02-27T13:00:05+00:00","description":"A Casina di Raffaello la festa pi\u00f9 colorata dell\u2019anno, il Carnevale, all\u2019insegna di numerose iniziative","breadcrumb":{"@id":"https:\/\/romeinternational.it\/it\/2025\/02\/27\/carnevale-a-casina-raffaello-le-iniziative\/#breadcrumb"},"inLanguage":"it-IT","potentialAction":[{"@type":"ReadAction","target":["https:\/\/romeinternational.it\/it\/2025\/02\/27\/carnevale-a-casina-raffaello-le-iniziative\/"]}]},{"@type":"ImageObject","inLanguage":"it-IT","@id":"https:\/\/romeinternational.it\/it\/2025\/02\/27\/carnevale-a-casina-raffaello-le-iniziative\/#primaryimage","url":"https:\/\/romeinternational.it\/it\/wp-content\/uploads\/2025\/02\/casina-di-raffaello-ludoteca-biblioteca-libreria-sala-feste-bambini-villa-borghese-roma-8.jpg","contentUrl":"https:\/\/romeinternational.it\/it\/wp-content\/uploads\/2025\/02\/casina-di-raffaello-ludoteca-biblioteca-libreria-sala-feste-bambini-villa-borghese-roma-8.jpg","width":2048,"height":1536},{"@type":"BreadcrumbList","@id":"https:\/\/romeinternational.it\/it\/2025\/02\/27\/carnevale-a-casina-raffaello-le-iniziative\/#breadcrumb","itemListElement":[{"@type":"ListItem","position":1,"name":"Home","item":"https:\/\/romeinternational.it\/it\/"},{"@type":"ListItem","position":2,"name":"Carnevale a Casina Raffaello: le iniziative"}]},{"@type":"WebSite","@id":"https:\/\/romeinternational.it\/it\/#website","url":"https:\/\/romeinternational.it\/it\/","name":"Rome International","description":"La guida agli eventi nella capitale","publisher":{"@id":"https:\/\/romeinternational.it\/it\/#organization"},"potentialAction":[{"@type":"SearchAction","target":{"@type":"EntryPoint","urlTemplate":"https:\/\/romeinternational.it\/it\/?s={search_term_string}"},"query-input":{"@type":"PropertyValueSpecification","valueRequired":true,"valueName":"search_term_string"}}],"inLanguage":"it-IT"},{"@type":"Organization","@id":"https:\/\/romeinternational.it\/it\/#organization","name":"Planet Diplomacy srls","url":"https:\/\/romeinternational.it\/it\/","logo":{"@type":"ImageObject","inLanguage":"it-IT","@id":"https:\/\/romeinternational.it\/it\/#\/schema\/logo\/image\/","url":"https:\/\/romeinternational.it\/it\/wp-content\/uploads\/2021\/09\/Rome-Int-1440-1.png","contentUrl":"https:\/\/romeinternational.it\/it\/wp-content\/uploads\/2021\/09\/Rome-Int-1440-1.png","width":1440,"height":270,"caption":"Planet Diplomacy srls"},"image":{"@id":"https:\/\/romeinternational.it\/it\/#\/schema\/logo\/image\/"}},{"@type":"Person","@id":"https:\/\/romeinternational.it\/it\/#\/schema\/person\/9d55f71a6bc3162c2a2e59038761c045","name":"admin","url":"https:\/\/romeinternational.it\/it\/author\/diplomacy\/"}]}},"_links":{"self":[{"href":"https:\/\/romeinternational.it\/it\/wp-json\/wp\/v2\/posts\/12696","targetHints":{"allow":["GET"]}}],"collection":[{"href":"https:\/\/romeinternational.it\/it\/wp-json\/wp\/v2\/posts"}],"about":[{"href":"https:\/\/romeinternational.it\/it\/wp-json\/wp\/v2\/types\/post"}],"author":[{"embeddable":true,"href":"https:\/\/romeinternational.it\/it\/wp-json\/wp\/v2\/users\/3"}],"replies":[{"embeddable":true,"href":"https:\/\/romeinternational.it\/it\/wp-json\/wp\/v2\/comments?post=12696"}],"version-history":[{"count":2,"href":"https:\/\/romeinternational.it\/it\/wp-json\/wp\/v2\/posts\/12696\/revisions"}],"predecessor-version":[{"id":12707,"href":"https:\/\/romeinternational.it\/it\/wp-json\/wp\/v2\/posts\/12696\/revisions\/12707"}],"wp:featuredmedia":[{"embeddable":true,"href":"https:\/\/romeinternational.it\/it\/wp-json\/wp\/v2\/media\/12704"}],"wp:attachment":[{"href":"https:\/\/romeinternational.it\/it\/wp-json\/wp\/v2\/media?parent=12696"}],"wp:term":[{"taxonomy":"category","embeddable":true,"href":"https:\/\/romeinternational.it\/it\/wp-json\/wp\/v2\/categories?post=12696"},{"taxonomy":"post_tag","embeddable":true,"href":"https:\/\/romeinternational.it\/it\/wp-json\/wp\/v2\/tags?post=12696"}],"curies":[{"name":"wp","href":"https:\/\/api.w.org\/{rel}","templated":true}]}}