{"id":12473,"date":"2025-02-17T09:58:05","date_gmt":"2025-02-17T08:58:05","guid":{"rendered":"https:\/\/romeinternational.it\/it\/?p=12473"},"modified":"2025-02-18T11:01:10","modified_gmt":"2025-02-18T10:01:10","slug":"mi-illumino-di-meno","status":"publish","type":"post","link":"https:\/\/romeinternational.it\/it\/2025\/02\/17\/mi-illumino-di-meno\/","title":{"rendered":"Mi illumino di meno"},"content":{"rendered":"\n<p>Per promuovere la cultura del riuso la Sapienza ha promosso una serie di eventi realizzati con il patrociniodella Rus (Rete delle universit\u00e0 per lo sviluppo sostenibile) che vanno\u00a0<strong>dal 16 al 21 febbraio<\/strong>, all&#8217;interno della settimana che promuove la sostenibilit\u00e0 energetica con &#8220;<strong>Mi illumino di meno&#8221;.<\/strong><\/p>\n\n\n\n<p>Si parte con l\u2019iniziativa&nbsp;<strong>Wear your story.&nbsp;<\/strong>Chi desidera partecipare dovr\u00e0indossare un capo di abbigliamento con una storia familiare e affettiva da raccontare, scattare una foto e condividerla sui social utilizzando gli hashtag #milluminodimeno #sapienzaroma #sapienzasostenibile<\/p>\n\n\n\n<p>&nbsp;<strong>Il 18 febbraio<\/strong>&nbsp;presso il Porticato del CIAO, dalle 10.00 alle 18.00 si terr\u00e0&nbsp;<strong>Scambialo!&nbsp;<\/strong>Lo swap party degli studenti di Fashion Studies, evento dedicato allo scambio di abiti, un&#8217;opportunit\u00e0 unica per riflettere sull&#8217;importanza del riciclo e del riutilizzo. Sar\u00e0 possibile partecipare portando fino a tre capi puliti e in buono stato da scambiare (non sono ammessi gioielli, biancheria intima e scarpe). Saranno disponibili anche dei sensori con cui potranno essere riconosciute le diverse tipologie di tessuti. L\u2019appuntamento \u00e8 stato realizzato in collaborazione con il Dipartimento di Storia antropologia religioni arte spettacoloe con il Dipartimento di Ingegneria Chimica materiali ambiente.<\/p>\n\n\n\n<p><strong>19 febbraio<\/strong>&nbsp;presso l\u2019Aula multimediale del Rettorato, dalle 10.00 alle 11.00 si svolger\u00e0 l\u2019incontro&nbsp;<strong>Moda sostenibile: dal Fast Fashion all&#8217;Economia circolare<\/strong>.Seminario aperto a tutti che analizza il ciclo di vita dei prodotti tessili, evidenziando l&#8217;impatto del fast fashion e le strategie per un futuro pi\u00f9 circolare. A cura di Silvia Serranti del Dipartimento di Ingegneria Chimica materiali ambiente. Per partecipare \u00e8 necessaria la prenotazione.<\/p>\n\n\n\n<p>&nbsp;<strong>Il 20 e il 21 febbraio<\/strong>&nbsp;con l\u2019iniziativa \u201c<strong>E quindi uscimmo a riveder le stelle\u201d,<\/strong>&nbsp;Sapienza spegner\u00e0 le luci dei propilei della Citt\u00e0 universitaria, della facciata del Rettorato e della facciata della Facolt\u00e0 di Architettura di Valle Giulia.<\/p>\n\n\n\n<p><\/p>\n","protected":false},"excerpt":{"rendered":"<p>Per promuovere la cultura del riuso la Sapienza ha promosso una serie di eventi realizzati con il patrociniodella Rus (Rete delle universit\u00e0 per lo sviluppo sostenibile) che vanno\u00a0dal 16 al 21 febbraio, all&#8217;interno della settimana che promuove la sostenibilit\u00e0 energetica con &#8220;Mi illumino di meno&#8221;. Si parte con l\u2019iniziativa&nbsp;Wear your story.&nbsp;Chi desidera partecipare dovr\u00e0indossare un [&#8230;]\n","protected":false},"author":3,"featured_media":12502,"comment_status":"closed","ping_status":"closed","sticky":false,"template":"","format":"standard","meta":{"footnotes":""},"categories":[138],"tags":[1343,139,206],"class_list":["post-12473","post","type-post","status-publish","format-standard","has-post-thumbnail","hentry","category-notizie","tag-energia","tag-notiziehome","tag-sostenibilita"],"yoast_head":"<!-- This site is optimized with the Yoast SEO plugin v27.3 - https:\/\/yoast.com\/product\/yoast-seo-wordpress\/ -->\n<title>Mi illumino di meno - Rome International<\/title>\n<meta name=\"description\" content=\"Per promuovere la cultura del riuso la Sapienza ha promosso una serie di eventi realizzati con il patrociniodella Rus (Rete delle universit\u00e0 per lo sviluppo sostenibile) che vanno\u00a0dal 16 al 21 febbraio, all&#039;interno della settimana che promuove la sostenibilit\u00e0 energetica con &quot;Mi illumino di meno&quot;\" \/>\n<meta name=\"robots\" content=\"index, follow, max-snippet:-1, max-image-preview:large, max-video-preview:-1\" \/>\n<link rel=\"canonical\" href=\"https:\/\/romeinternational.it\/it\/2025\/02\/17\/mi-illumino-di-meno\/\" \/>\n<meta property=\"og:locale\" content=\"it_IT\" \/>\n<meta property=\"og:type\" content=\"article\" \/>\n<meta property=\"og:title\" content=\"Mi illumino di meno - Rome International\" \/>\n<meta property=\"og:description\" content=\"Per promuovere la cultura del riuso la Sapienza ha promosso una serie di eventi realizzati con il patrociniodella Rus (Rete delle universit\u00e0 per lo sviluppo sostenibile) che vanno\u00a0dal 16 al 21 febbraio, all&#039;interno della settimana che promuove la sostenibilit\u00e0 energetica con &quot;Mi illumino di meno&quot;\" \/>\n<meta property=\"og:url\" content=\"https:\/\/romeinternational.it\/it\/2025\/02\/17\/mi-illumino-di-meno\/\" \/>\n<meta property=\"og:site_name\" content=\"Rome International\" \/>\n<meta property=\"article:published_time\" content=\"2025-02-17T08:58:05+00:00\" \/>\n<meta property=\"article:modified_time\" content=\"2025-02-18T10:01:10+00:00\" \/>\n<meta property=\"og:image\" content=\"https:\/\/romeinternational.it\/it\/wp-content\/uploads\/2025\/02\/Millumino-di-meno.jpg\" \/>\n\t<meta property=\"og:image:width\" content=\"2048\" \/>\n\t<meta property=\"og:image:height\" content=\"1152\" \/>\n\t<meta property=\"og:image:type\" content=\"image\/jpeg\" \/>\n<meta name=\"author\" content=\"admin\" \/>\n<meta name=\"twitter:card\" content=\"summary_large_image\" \/>\n<meta name=\"twitter:label1\" content=\"Scritto da\" \/>\n\t<meta name=\"twitter:data1\" content=\"admin\" \/>\n\t<meta name=\"twitter:label2\" content=\"Tempo di lettura stimato\" \/>\n\t<meta name=\"twitter:data2\" content=\"2 minuti\" \/>\n<script type=\"application\/ld+json\" class=\"yoast-schema-graph\">{\"@context\":\"https:\\\/\\\/schema.org\",\"@graph\":[{\"@type\":\"Article\",\"@id\":\"https:\\\/\\\/romeinternational.it\\\/it\\\/2025\\\/02\\\/17\\\/mi-illumino-di-meno\\\/#article\",\"isPartOf\":{\"@id\":\"https:\\\/\\\/romeinternational.it\\\/it\\\/2025\\\/02\\\/17\\\/mi-illumino-di-meno\\\/\"},\"author\":{\"name\":\"admin\",\"@id\":\"https:\\\/\\\/romeinternational.it\\\/it\\\/#\\\/schema\\\/person\\\/9d55f71a6bc3162c2a2e59038761c045\"},\"headline\":\"Mi illumino di meno\",\"datePublished\":\"2025-02-17T08:58:05+00:00\",\"dateModified\":\"2025-02-18T10:01:10+00:00\",\"mainEntityOfPage\":{\"@id\":\"https:\\\/\\\/romeinternational.it\\\/it\\\/2025\\\/02\\\/17\\\/mi-illumino-di-meno\\\/\"},\"wordCount\":299,\"publisher\":{\"@id\":\"https:\\\/\\\/romeinternational.it\\\/it\\\/#organization\"},\"image\":{\"@id\":\"https:\\\/\\\/romeinternational.it\\\/it\\\/2025\\\/02\\\/17\\\/mi-illumino-di-meno\\\/#primaryimage\"},\"thumbnailUrl\":\"https:\\\/\\\/romeinternational.it\\\/it\\\/wp-content\\\/uploads\\\/2025\\\/02\\\/Millumino-di-meno.jpg\",\"keywords\":[\"Energia\",\"Notiziehome\",\"Sostenibilit\u00e0\"],\"articleSection\":[\"Notizie\"],\"inLanguage\":\"it-IT\"},{\"@type\":\"WebPage\",\"@id\":\"https:\\\/\\\/romeinternational.it\\\/it\\\/2025\\\/02\\\/17\\\/mi-illumino-di-meno\\\/\",\"url\":\"https:\\\/\\\/romeinternational.it\\\/it\\\/2025\\\/02\\\/17\\\/mi-illumino-di-meno\\\/\",\"name\":\"Mi illumino di meno - Rome International\",\"isPartOf\":{\"@id\":\"https:\\\/\\\/romeinternational.it\\\/it\\\/#website\"},\"primaryImageOfPage\":{\"@id\":\"https:\\\/\\\/romeinternational.it\\\/it\\\/2025\\\/02\\\/17\\\/mi-illumino-di-meno\\\/#primaryimage\"},\"image\":{\"@id\":\"https:\\\/\\\/romeinternational.it\\\/it\\\/2025\\\/02\\\/17\\\/mi-illumino-di-meno\\\/#primaryimage\"},\"thumbnailUrl\":\"https:\\\/\\\/romeinternational.it\\\/it\\\/wp-content\\\/uploads\\\/2025\\\/02\\\/Millumino-di-meno.jpg\",\"datePublished\":\"2025-02-17T08:58:05+00:00\",\"dateModified\":\"2025-02-18T10:01:10+00:00\",\"description\":\"Per promuovere la cultura del riuso la Sapienza ha promosso una serie di eventi realizzati con il patrociniodella Rus (Rete delle universit\u00e0 per lo sviluppo sostenibile) che vanno\u00a0dal 16 al 21 febbraio, all'interno della settimana che promuove la sostenibilit\u00e0 energetica con \\\"Mi illumino di meno\\\"\",\"breadcrumb\":{\"@id\":\"https:\\\/\\\/romeinternational.it\\\/it\\\/2025\\\/02\\\/17\\\/mi-illumino-di-meno\\\/#breadcrumb\"},\"inLanguage\":\"it-IT\",\"potentialAction\":[{\"@type\":\"ReadAction\",\"target\":[\"https:\\\/\\\/romeinternational.it\\\/it\\\/2025\\\/02\\\/17\\\/mi-illumino-di-meno\\\/\"]}]},{\"@type\":\"ImageObject\",\"inLanguage\":\"it-IT\",\"@id\":\"https:\\\/\\\/romeinternational.it\\\/it\\\/2025\\\/02\\\/17\\\/mi-illumino-di-meno\\\/#primaryimage\",\"url\":\"https:\\\/\\\/romeinternational.it\\\/it\\\/wp-content\\\/uploads\\\/2025\\\/02\\\/Millumino-di-meno.jpg\",\"contentUrl\":\"https:\\\/\\\/romeinternational.it\\\/it\\\/wp-content\\\/uploads\\\/2025\\\/02\\\/Millumino-di-meno.jpg\",\"width\":2048,\"height\":1152},{\"@type\":\"BreadcrumbList\",\"@id\":\"https:\\\/\\\/romeinternational.it\\\/it\\\/2025\\\/02\\\/17\\\/mi-illumino-di-meno\\\/#breadcrumb\",\"itemListElement\":[{\"@type\":\"ListItem\",\"position\":1,\"name\":\"Home\",\"item\":\"https:\\\/\\\/romeinternational.it\\\/it\\\/\"},{\"@type\":\"ListItem\",\"position\":2,\"name\":\"Mi illumino di meno\"}]},{\"@type\":\"WebSite\",\"@id\":\"https:\\\/\\\/romeinternational.it\\\/it\\\/#website\",\"url\":\"https:\\\/\\\/romeinternational.it\\\/it\\\/\",\"name\":\"Rome International\",\"description\":\"La guida agli eventi nella capitale\",\"publisher\":{\"@id\":\"https:\\\/\\\/romeinternational.it\\\/it\\\/#organization\"},\"potentialAction\":[{\"@type\":\"SearchAction\",\"target\":{\"@type\":\"EntryPoint\",\"urlTemplate\":\"https:\\\/\\\/romeinternational.it\\\/it\\\/?s={search_term_string}\"},\"query-input\":{\"@type\":\"PropertyValueSpecification\",\"valueRequired\":true,\"valueName\":\"search_term_string\"}}],\"inLanguage\":\"it-IT\"},{\"@type\":\"Organization\",\"@id\":\"https:\\\/\\\/romeinternational.it\\\/it\\\/#organization\",\"name\":\"Planet Diplomacy srls\",\"url\":\"https:\\\/\\\/romeinternational.it\\\/it\\\/\",\"logo\":{\"@type\":\"ImageObject\",\"inLanguage\":\"it-IT\",\"@id\":\"https:\\\/\\\/romeinternational.it\\\/it\\\/#\\\/schema\\\/logo\\\/image\\\/\",\"url\":\"https:\\\/\\\/romeinternational.it\\\/it\\\/wp-content\\\/uploads\\\/2021\\\/09\\\/Rome-Int-1440-1.png\",\"contentUrl\":\"https:\\\/\\\/romeinternational.it\\\/it\\\/wp-content\\\/uploads\\\/2021\\\/09\\\/Rome-Int-1440-1.png\",\"width\":1440,\"height\":270,\"caption\":\"Planet Diplomacy srls\"},\"image\":{\"@id\":\"https:\\\/\\\/romeinternational.it\\\/it\\\/#\\\/schema\\\/logo\\\/image\\\/\"}},{\"@type\":\"Person\",\"@id\":\"https:\\\/\\\/romeinternational.it\\\/it\\\/#\\\/schema\\\/person\\\/9d55f71a6bc3162c2a2e59038761c045\",\"name\":\"admin\",\"url\":\"https:\\\/\\\/romeinternational.it\\\/it\\\/author\\\/diplomacy\\\/\"}]}<\/script>\n<!-- \/ Yoast SEO plugin. -->","yoast_head_json":{"title":"Mi illumino di meno - Rome International","description":"Per promuovere la cultura del riuso la Sapienza ha promosso una serie di eventi realizzati con il patrociniodella Rus (Rete delle universit\u00e0 per lo sviluppo sostenibile) che vanno\u00a0dal 16 al 21 febbraio, all'interno della settimana che promuove la sostenibilit\u00e0 energetica con \"Mi illumino di meno\"","robots":{"index":"index","follow":"follow","max-snippet":"max-snippet:-1","max-image-preview":"max-image-preview:large","max-video-preview":"max-video-preview:-1"},"canonical":"https:\/\/romeinternational.it\/it\/2025\/02\/17\/mi-illumino-di-meno\/","og_locale":"it_IT","og_type":"article","og_title":"Mi illumino di meno - Rome International","og_description":"Per promuovere la cultura del riuso la Sapienza ha promosso una serie di eventi realizzati con il patrociniodella Rus (Rete delle universit\u00e0 per lo sviluppo sostenibile) che vanno\u00a0dal 16 al 21 febbraio, all'interno della settimana che promuove la sostenibilit\u00e0 energetica con \"Mi illumino di meno\"","og_url":"https:\/\/romeinternational.it\/it\/2025\/02\/17\/mi-illumino-di-meno\/","og_site_name":"Rome International","article_published_time":"2025-02-17T08:58:05+00:00","article_modified_time":"2025-02-18T10:01:10+00:00","og_image":[{"width":2048,"height":1152,"url":"https:\/\/romeinternational.it\/it\/wp-content\/uploads\/2025\/02\/Millumino-di-meno.jpg","type":"image\/jpeg"}],"author":"admin","twitter_card":"summary_large_image","twitter_misc":{"Scritto da":"admin","Tempo di lettura stimato":"2 minuti"},"schema":{"@context":"https:\/\/schema.org","@graph":[{"@type":"Article","@id":"https:\/\/romeinternational.it\/it\/2025\/02\/17\/mi-illumino-di-meno\/#article","isPartOf":{"@id":"https:\/\/romeinternational.it\/it\/2025\/02\/17\/mi-illumino-di-meno\/"},"author":{"name":"admin","@id":"https:\/\/romeinternational.it\/it\/#\/schema\/person\/9d55f71a6bc3162c2a2e59038761c045"},"headline":"Mi illumino di meno","datePublished":"2025-02-17T08:58:05+00:00","dateModified":"2025-02-18T10:01:10+00:00","mainEntityOfPage":{"@id":"https:\/\/romeinternational.it\/it\/2025\/02\/17\/mi-illumino-di-meno\/"},"wordCount":299,"publisher":{"@id":"https:\/\/romeinternational.it\/it\/#organization"},"image":{"@id":"https:\/\/romeinternational.it\/it\/2025\/02\/17\/mi-illumino-di-meno\/#primaryimage"},"thumbnailUrl":"https:\/\/romeinternational.it\/it\/wp-content\/uploads\/2025\/02\/Millumino-di-meno.jpg","keywords":["Energia","Notiziehome","Sostenibilit\u00e0"],"articleSection":["Notizie"],"inLanguage":"it-IT"},{"@type":"WebPage","@id":"https:\/\/romeinternational.it\/it\/2025\/02\/17\/mi-illumino-di-meno\/","url":"https:\/\/romeinternational.it\/it\/2025\/02\/17\/mi-illumino-di-meno\/","name":"Mi illumino di meno - Rome International","isPartOf":{"@id":"https:\/\/romeinternational.it\/it\/#website"},"primaryImageOfPage":{"@id":"https:\/\/romeinternational.it\/it\/2025\/02\/17\/mi-illumino-di-meno\/#primaryimage"},"image":{"@id":"https:\/\/romeinternational.it\/it\/2025\/02\/17\/mi-illumino-di-meno\/#primaryimage"},"thumbnailUrl":"https:\/\/romeinternational.it\/it\/wp-content\/uploads\/2025\/02\/Millumino-di-meno.jpg","datePublished":"2025-02-17T08:58:05+00:00","dateModified":"2025-02-18T10:01:10+00:00","description":"Per promuovere la cultura del riuso la Sapienza ha promosso una serie di eventi realizzati con il patrociniodella Rus (Rete delle universit\u00e0 per lo sviluppo sostenibile) che vanno\u00a0dal 16 al 21 febbraio, all'interno della settimana che promuove la sostenibilit\u00e0 energetica con \"Mi illumino di meno\"","breadcrumb":{"@id":"https:\/\/romeinternational.it\/it\/2025\/02\/17\/mi-illumino-di-meno\/#breadcrumb"},"inLanguage":"it-IT","potentialAction":[{"@type":"ReadAction","target":["https:\/\/romeinternational.it\/it\/2025\/02\/17\/mi-illumino-di-meno\/"]}]},{"@type":"ImageObject","inLanguage":"it-IT","@id":"https:\/\/romeinternational.it\/it\/2025\/02\/17\/mi-illumino-di-meno\/#primaryimage","url":"https:\/\/romeinternational.it\/it\/wp-content\/uploads\/2025\/02\/Millumino-di-meno.jpg","contentUrl":"https:\/\/romeinternational.it\/it\/wp-content\/uploads\/2025\/02\/Millumino-di-meno.jpg","width":2048,"height":1152},{"@type":"BreadcrumbList","@id":"https:\/\/romeinternational.it\/it\/2025\/02\/17\/mi-illumino-di-meno\/#breadcrumb","itemListElement":[{"@type":"ListItem","position":1,"name":"Home","item":"https:\/\/romeinternational.it\/it\/"},{"@type":"ListItem","position":2,"name":"Mi illumino di meno"}]},{"@type":"WebSite","@id":"https:\/\/romeinternational.it\/it\/#website","url":"https:\/\/romeinternational.it\/it\/","name":"Rome International","description":"La guida agli eventi nella capitale","publisher":{"@id":"https:\/\/romeinternational.it\/it\/#organization"},"potentialAction":[{"@type":"SearchAction","target":{"@type":"EntryPoint","urlTemplate":"https:\/\/romeinternational.it\/it\/?s={search_term_string}"},"query-input":{"@type":"PropertyValueSpecification","valueRequired":true,"valueName":"search_term_string"}}],"inLanguage":"it-IT"},{"@type":"Organization","@id":"https:\/\/romeinternational.it\/it\/#organization","name":"Planet Diplomacy srls","url":"https:\/\/romeinternational.it\/it\/","logo":{"@type":"ImageObject","inLanguage":"it-IT","@id":"https:\/\/romeinternational.it\/it\/#\/schema\/logo\/image\/","url":"https:\/\/romeinternational.it\/it\/wp-content\/uploads\/2021\/09\/Rome-Int-1440-1.png","contentUrl":"https:\/\/romeinternational.it\/it\/wp-content\/uploads\/2021\/09\/Rome-Int-1440-1.png","width":1440,"height":270,"caption":"Planet Diplomacy srls"},"image":{"@id":"https:\/\/romeinternational.it\/it\/#\/schema\/logo\/image\/"}},{"@type":"Person","@id":"https:\/\/romeinternational.it\/it\/#\/schema\/person\/9d55f71a6bc3162c2a2e59038761c045","name":"admin","url":"https:\/\/romeinternational.it\/it\/author\/diplomacy\/"}]}},"_links":{"self":[{"href":"https:\/\/romeinternational.it\/it\/wp-json\/wp\/v2\/posts\/12473","targetHints":{"allow":["GET"]}}],"collection":[{"href":"https:\/\/romeinternational.it\/it\/wp-json\/wp\/v2\/posts"}],"about":[{"href":"https:\/\/romeinternational.it\/it\/wp-json\/wp\/v2\/types\/post"}],"author":[{"embeddable":true,"href":"https:\/\/romeinternational.it\/it\/wp-json\/wp\/v2\/users\/3"}],"replies":[{"embeddable":true,"href":"https:\/\/romeinternational.it\/it\/wp-json\/wp\/v2\/comments?post=12473"}],"version-history":[{"count":1,"href":"https:\/\/romeinternational.it\/it\/wp-json\/wp\/v2\/posts\/12473\/revisions"}],"predecessor-version":[{"id":12474,"href":"https:\/\/romeinternational.it\/it\/wp-json\/wp\/v2\/posts\/12473\/revisions\/12474"}],"wp:featuredmedia":[{"embeddable":true,"href":"https:\/\/romeinternational.it\/it\/wp-json\/wp\/v2\/media\/12502"}],"wp:attachment":[{"href":"https:\/\/romeinternational.it\/it\/wp-json\/wp\/v2\/media?parent=12473"}],"wp:term":[{"taxonomy":"category","embeddable":true,"href":"https:\/\/romeinternational.it\/it\/wp-json\/wp\/v2\/categories?post=12473"},{"taxonomy":"post_tag","embeddable":true,"href":"https:\/\/romeinternational.it\/it\/wp-json\/wp\/v2\/tags?post=12473"}],"curies":[{"name":"wp","href":"https:\/\/api.w.org\/{rel}","templated":true}]}}