{"id":12088,"date":"2024-12-04T12:30:54","date_gmt":"2024-12-04T11:30:54","guid":{"rendered":"https:\/\/romeinternational.it\/it\/?p=12088"},"modified":"2024-12-04T14:09:23","modified_gmt":"2024-12-04T13:09:23","slug":"bando-artes-et-iubilaeum-2025","status":"publish","type":"post","link":"https:\/\/romeinternational.it\/it\/2024\/12\/04\/bando-artes-et-iubilaeum-2025\/","title":{"rendered":"Bando Artes et Iubilaeum 2025"},"content":{"rendered":"\n<p>Il\u00a0<strong>bando<\/strong>\u00a0<strong>Artes et Iubilaeum 2025<\/strong> \u00e8 un\u2019importante opportunit\u00e0 per contribuire al ricco programma di iniziative culturali che accompagneranno il Giubileo 2025 attraverso un avviso pubblico che mette a disposizione 5 milioni di euro per grandi progetti culturali rivolti alla citt\u00e0 durante l\u2019Anno Santo. Il bando nasce con l\u2019obiettivo di promuovere iniziative, eventi ed attivit\u00e0 culturali capaci di esprimere il valore del dialogo tra culture diverse, in un\u2019ottica interdisciplinare, valorizzando il nostro patrimonio storico, archeologico e artistico. Si tratta pertanto di un investimento sul patrimonio immateriale della citt\u00e0, cos\u00ec come inteso dalla Convenzione di Faro, che accompagner\u00e0 i tanti investimenti sui beni culturali che con il sindaco Roberto Gualtieri stiamo portando avanti proprio in questi mesi con il Progetto Caput Mundi.<\/p>\n\n\n\n<p>Con Artes et Jubileum, Roma Capitale intende quindi sostenere sia le proposte che valorizzino il patrimonio culturale tradizionalmente inteso che i progetti che sappiano creare ponti tra diverse tradizioni culturali, promuovendo un messaggio universale di inclusione e solidariet\u00e0. Sotto questo profilo i contenuti del bando, comprensivi di eventi culturali e sociali, promozione del patrimonio, innovazione e attenzione ai giovani, sono strumenti attraverso i quali si vuole aprire Roma alla creativit\u00e0 e riscoprire la sua vocazione cosmopolita.<\/p>\n\n\n\n<p>Potranno partecipare quindi tutti gli operatori culturali, associazioni, enti e collettivi interessati a partecipare con le loro idee e e con le rispettive competenze, contribuendo a fare del Giubileo 2025 un\u2019occasione di arricchimento reciproco e di dialogo interculturale, intergenerazionale e internazionale.<\/p>\n\n\n\n<p>Tutte le informazioni relative al bando, incluse le modalit\u00e0 di partecipazione e i termini per la presentazione dei progetti, saranno disponibili sul sito ufficiale del <em>Dipartimento Attivit\u00e0 Cultural<\/em>i.\u00a0<\/p>\n\n\n\n<p>Insieme al Sindaco\u00a0<strong>sar\u00e0 presentato il bando<\/strong>\u00a0presso\u00a0<strong>la sala della Protomoteca in Piazza del Campidoglio luned\u00ec 9 dicembre alle ore 11:30<\/strong>.\u00a0<\/p>\n\n\n\n<p><\/p>\n","protected":false},"excerpt":{"rendered":"<p>Il\u00a0bando\u00a0Artes et Iubilaeum 2025 \u00e8 un\u2019importante opportunit\u00e0 per contribuire al ricco programma di iniziative culturali che accompagneranno il Giubileo 2025 attraverso un avviso pubblico che mette a disposizione 5 milioni di euro per grandi progetti culturali rivolti alla citt\u00e0 durante l\u2019Anno Santo. Il bando nasce con l\u2019obiettivo di promuovere iniziative, eventi ed attivit\u00e0 culturali capaci [&#8230;]\n","protected":false},"author":3,"featured_media":12089,"comment_status":"closed","ping_status":"closed","sticky":false,"template":"","format":"standard","meta":{"footnotes":""},"categories":[138],"tags":[1638,139],"class_list":["post-12088","post","type-post","status-publish","format-standard","has-post-thumbnail","hentry","category-notizie","tag-cultura","tag-notiziehome"],"yoast_head":"<!-- This site is optimized with the Yoast SEO plugin v27.3 - https:\/\/yoast.com\/product\/yoast-seo-wordpress\/ -->\n<title>Bando Artes et Iubilaeum 2025 - Rome International<\/title>\n<meta name=\"description\" content=\"Il\u00a0bando\u00a0Artes et Iubilaeum 2025 \u00e8 un\u2019importante opportunit\u00e0 per contribuire al ricco programma di iniziative culturali che accompagneranno il Giubileo 2025\" \/>\n<meta name=\"robots\" content=\"index, follow, max-snippet:-1, max-image-preview:large, max-video-preview:-1\" \/>\n<link rel=\"canonical\" href=\"https:\/\/romeinternational.it\/it\/2024\/12\/04\/bando-artes-et-iubilaeum-2025\/\" \/>\n<meta property=\"og:locale\" content=\"it_IT\" \/>\n<meta property=\"og:type\" content=\"article\" \/>\n<meta property=\"og:title\" content=\"Bando Artes et Iubilaeum 2025 - Rome International\" \/>\n<meta property=\"og:description\" content=\"Il\u00a0bando\u00a0Artes et Iubilaeum 2025 \u00e8 un\u2019importante opportunit\u00e0 per contribuire al ricco programma di iniziative culturali che accompagneranno il Giubileo 2025\" \/>\n<meta property=\"og:url\" content=\"https:\/\/romeinternational.it\/it\/2024\/12\/04\/bando-artes-et-iubilaeum-2025\/\" \/>\n<meta property=\"og:site_name\" content=\"Rome International\" \/>\n<meta property=\"article:published_time\" content=\"2024-12-04T11:30:54+00:00\" \/>\n<meta property=\"article:modified_time\" content=\"2024-12-04T13:09:23+00:00\" \/>\n<meta property=\"og:image\" content=\"https:\/\/romeinternational.it\/it\/wp-content\/uploads\/2024\/12\/cq5dam.web_.1280.1280.jpeg\" \/>\n\t<meta property=\"og:image:width\" content=\"1280\" \/>\n\t<meta property=\"og:image:height\" content=\"853\" \/>\n\t<meta property=\"og:image:type\" content=\"image\/jpeg\" \/>\n<meta name=\"author\" content=\"admin\" \/>\n<meta name=\"twitter:card\" content=\"summary_large_image\" \/>\n<meta name=\"twitter:label1\" content=\"Scritto da\" \/>\n\t<meta name=\"twitter:data1\" content=\"admin\" \/>\n\t<meta name=\"twitter:label2\" content=\"Tempo di lettura stimato\" \/>\n\t<meta name=\"twitter:data2\" content=\"2 minuti\" \/>\n<script type=\"application\/ld+json\" class=\"yoast-schema-graph\">{\"@context\":\"https:\\\/\\\/schema.org\",\"@graph\":[{\"@type\":\"Article\",\"@id\":\"https:\\\/\\\/romeinternational.it\\\/it\\\/2024\\\/12\\\/04\\\/bando-artes-et-iubilaeum-2025\\\/#article\",\"isPartOf\":{\"@id\":\"https:\\\/\\\/romeinternational.it\\\/it\\\/2024\\\/12\\\/04\\\/bando-artes-et-iubilaeum-2025\\\/\"},\"author\":{\"name\":\"admin\",\"@id\":\"https:\\\/\\\/romeinternational.it\\\/it\\\/#\\\/schema\\\/person\\\/9d55f71a6bc3162c2a2e59038761c045\"},\"headline\":\"Bando Artes et Iubilaeum 2025\",\"datePublished\":\"2024-12-04T11:30:54+00:00\",\"dateModified\":\"2024-12-04T13:09:23+00:00\",\"mainEntityOfPage\":{\"@id\":\"https:\\\/\\\/romeinternational.it\\\/it\\\/2024\\\/12\\\/04\\\/bando-artes-et-iubilaeum-2025\\\/\"},\"wordCount\":290,\"publisher\":{\"@id\":\"https:\\\/\\\/romeinternational.it\\\/it\\\/#organization\"},\"image\":{\"@id\":\"https:\\\/\\\/romeinternational.it\\\/it\\\/2024\\\/12\\\/04\\\/bando-artes-et-iubilaeum-2025\\\/#primaryimage\"},\"thumbnailUrl\":\"https:\\\/\\\/romeinternational.it\\\/it\\\/wp-content\\\/uploads\\\/2024\\\/12\\\/cq5dam.web_.1280.1280.jpeg\",\"keywords\":[\"Cultura\",\"Notiziehome\"],\"articleSection\":[\"Notizie\"],\"inLanguage\":\"it-IT\"},{\"@type\":\"WebPage\",\"@id\":\"https:\\\/\\\/romeinternational.it\\\/it\\\/2024\\\/12\\\/04\\\/bando-artes-et-iubilaeum-2025\\\/\",\"url\":\"https:\\\/\\\/romeinternational.it\\\/it\\\/2024\\\/12\\\/04\\\/bando-artes-et-iubilaeum-2025\\\/\",\"name\":\"Bando Artes et Iubilaeum 2025 - Rome International\",\"isPartOf\":{\"@id\":\"https:\\\/\\\/romeinternational.it\\\/it\\\/#website\"},\"primaryImageOfPage\":{\"@id\":\"https:\\\/\\\/romeinternational.it\\\/it\\\/2024\\\/12\\\/04\\\/bando-artes-et-iubilaeum-2025\\\/#primaryimage\"},\"image\":{\"@id\":\"https:\\\/\\\/romeinternational.it\\\/it\\\/2024\\\/12\\\/04\\\/bando-artes-et-iubilaeum-2025\\\/#primaryimage\"},\"thumbnailUrl\":\"https:\\\/\\\/romeinternational.it\\\/it\\\/wp-content\\\/uploads\\\/2024\\\/12\\\/cq5dam.web_.1280.1280.jpeg\",\"datePublished\":\"2024-12-04T11:30:54+00:00\",\"dateModified\":\"2024-12-04T13:09:23+00:00\",\"description\":\"Il\u00a0bando\u00a0Artes et Iubilaeum 2025 \u00e8 un\u2019importante opportunit\u00e0 per contribuire al ricco programma di iniziative culturali che accompagneranno il Giubileo 2025\",\"breadcrumb\":{\"@id\":\"https:\\\/\\\/romeinternational.it\\\/it\\\/2024\\\/12\\\/04\\\/bando-artes-et-iubilaeum-2025\\\/#breadcrumb\"},\"inLanguage\":\"it-IT\",\"potentialAction\":[{\"@type\":\"ReadAction\",\"target\":[\"https:\\\/\\\/romeinternational.it\\\/it\\\/2024\\\/12\\\/04\\\/bando-artes-et-iubilaeum-2025\\\/\"]}]},{\"@type\":\"ImageObject\",\"inLanguage\":\"it-IT\",\"@id\":\"https:\\\/\\\/romeinternational.it\\\/it\\\/2024\\\/12\\\/04\\\/bando-artes-et-iubilaeum-2025\\\/#primaryimage\",\"url\":\"https:\\\/\\\/romeinternational.it\\\/it\\\/wp-content\\\/uploads\\\/2024\\\/12\\\/cq5dam.web_.1280.1280.jpeg\",\"contentUrl\":\"https:\\\/\\\/romeinternational.it\\\/it\\\/wp-content\\\/uploads\\\/2024\\\/12\\\/cq5dam.web_.1280.1280.jpeg\",\"width\":1280,\"height\":853},{\"@type\":\"BreadcrumbList\",\"@id\":\"https:\\\/\\\/romeinternational.it\\\/it\\\/2024\\\/12\\\/04\\\/bando-artes-et-iubilaeum-2025\\\/#breadcrumb\",\"itemListElement\":[{\"@type\":\"ListItem\",\"position\":1,\"name\":\"Home\",\"item\":\"https:\\\/\\\/romeinternational.it\\\/it\\\/\"},{\"@type\":\"ListItem\",\"position\":2,\"name\":\"Bando Artes et Iubilaeum 2025\"}]},{\"@type\":\"WebSite\",\"@id\":\"https:\\\/\\\/romeinternational.it\\\/it\\\/#website\",\"url\":\"https:\\\/\\\/romeinternational.it\\\/it\\\/\",\"name\":\"Rome International\",\"description\":\"La guida agli eventi nella capitale\",\"publisher\":{\"@id\":\"https:\\\/\\\/romeinternational.it\\\/it\\\/#organization\"},\"potentialAction\":[{\"@type\":\"SearchAction\",\"target\":{\"@type\":\"EntryPoint\",\"urlTemplate\":\"https:\\\/\\\/romeinternational.it\\\/it\\\/?s={search_term_string}\"},\"query-input\":{\"@type\":\"PropertyValueSpecification\",\"valueRequired\":true,\"valueName\":\"search_term_string\"}}],\"inLanguage\":\"it-IT\"},{\"@type\":\"Organization\",\"@id\":\"https:\\\/\\\/romeinternational.it\\\/it\\\/#organization\",\"name\":\"Planet Diplomacy srls\",\"url\":\"https:\\\/\\\/romeinternational.it\\\/it\\\/\",\"logo\":{\"@type\":\"ImageObject\",\"inLanguage\":\"it-IT\",\"@id\":\"https:\\\/\\\/romeinternational.it\\\/it\\\/#\\\/schema\\\/logo\\\/image\\\/\",\"url\":\"https:\\\/\\\/romeinternational.it\\\/it\\\/wp-content\\\/uploads\\\/2021\\\/09\\\/Rome-Int-1440-1.png\",\"contentUrl\":\"https:\\\/\\\/romeinternational.it\\\/it\\\/wp-content\\\/uploads\\\/2021\\\/09\\\/Rome-Int-1440-1.png\",\"width\":1440,\"height\":270,\"caption\":\"Planet Diplomacy srls\"},\"image\":{\"@id\":\"https:\\\/\\\/romeinternational.it\\\/it\\\/#\\\/schema\\\/logo\\\/image\\\/\"}},{\"@type\":\"Person\",\"@id\":\"https:\\\/\\\/romeinternational.it\\\/it\\\/#\\\/schema\\\/person\\\/9d55f71a6bc3162c2a2e59038761c045\",\"name\":\"admin\",\"url\":\"https:\\\/\\\/romeinternational.it\\\/it\\\/author\\\/diplomacy\\\/\"}]}<\/script>\n<!-- \/ Yoast SEO plugin. -->","yoast_head_json":{"title":"Bando Artes et Iubilaeum 2025 - Rome International","description":"Il\u00a0bando\u00a0Artes et Iubilaeum 2025 \u00e8 un\u2019importante opportunit\u00e0 per contribuire al ricco programma di iniziative culturali che accompagneranno il Giubileo 2025","robots":{"index":"index","follow":"follow","max-snippet":"max-snippet:-1","max-image-preview":"max-image-preview:large","max-video-preview":"max-video-preview:-1"},"canonical":"https:\/\/romeinternational.it\/it\/2024\/12\/04\/bando-artes-et-iubilaeum-2025\/","og_locale":"it_IT","og_type":"article","og_title":"Bando Artes et Iubilaeum 2025 - Rome International","og_description":"Il\u00a0bando\u00a0Artes et Iubilaeum 2025 \u00e8 un\u2019importante opportunit\u00e0 per contribuire al ricco programma di iniziative culturali che accompagneranno il Giubileo 2025","og_url":"https:\/\/romeinternational.it\/it\/2024\/12\/04\/bando-artes-et-iubilaeum-2025\/","og_site_name":"Rome International","article_published_time":"2024-12-04T11:30:54+00:00","article_modified_time":"2024-12-04T13:09:23+00:00","og_image":[{"width":1280,"height":853,"url":"https:\/\/romeinternational.it\/it\/wp-content\/uploads\/2024\/12\/cq5dam.web_.1280.1280.jpeg","type":"image\/jpeg"}],"author":"admin","twitter_card":"summary_large_image","twitter_misc":{"Scritto da":"admin","Tempo di lettura stimato":"2 minuti"},"schema":{"@context":"https:\/\/schema.org","@graph":[{"@type":"Article","@id":"https:\/\/romeinternational.it\/it\/2024\/12\/04\/bando-artes-et-iubilaeum-2025\/#article","isPartOf":{"@id":"https:\/\/romeinternational.it\/it\/2024\/12\/04\/bando-artes-et-iubilaeum-2025\/"},"author":{"name":"admin","@id":"https:\/\/romeinternational.it\/it\/#\/schema\/person\/9d55f71a6bc3162c2a2e59038761c045"},"headline":"Bando Artes et Iubilaeum 2025","datePublished":"2024-12-04T11:30:54+00:00","dateModified":"2024-12-04T13:09:23+00:00","mainEntityOfPage":{"@id":"https:\/\/romeinternational.it\/it\/2024\/12\/04\/bando-artes-et-iubilaeum-2025\/"},"wordCount":290,"publisher":{"@id":"https:\/\/romeinternational.it\/it\/#organization"},"image":{"@id":"https:\/\/romeinternational.it\/it\/2024\/12\/04\/bando-artes-et-iubilaeum-2025\/#primaryimage"},"thumbnailUrl":"https:\/\/romeinternational.it\/it\/wp-content\/uploads\/2024\/12\/cq5dam.web_.1280.1280.jpeg","keywords":["Cultura","Notiziehome"],"articleSection":["Notizie"],"inLanguage":"it-IT"},{"@type":"WebPage","@id":"https:\/\/romeinternational.it\/it\/2024\/12\/04\/bando-artes-et-iubilaeum-2025\/","url":"https:\/\/romeinternational.it\/it\/2024\/12\/04\/bando-artes-et-iubilaeum-2025\/","name":"Bando Artes et Iubilaeum 2025 - Rome International","isPartOf":{"@id":"https:\/\/romeinternational.it\/it\/#website"},"primaryImageOfPage":{"@id":"https:\/\/romeinternational.it\/it\/2024\/12\/04\/bando-artes-et-iubilaeum-2025\/#primaryimage"},"image":{"@id":"https:\/\/romeinternational.it\/it\/2024\/12\/04\/bando-artes-et-iubilaeum-2025\/#primaryimage"},"thumbnailUrl":"https:\/\/romeinternational.it\/it\/wp-content\/uploads\/2024\/12\/cq5dam.web_.1280.1280.jpeg","datePublished":"2024-12-04T11:30:54+00:00","dateModified":"2024-12-04T13:09:23+00:00","description":"Il\u00a0bando\u00a0Artes et Iubilaeum 2025 \u00e8 un\u2019importante opportunit\u00e0 per contribuire al ricco programma di iniziative culturali che accompagneranno il Giubileo 2025","breadcrumb":{"@id":"https:\/\/romeinternational.it\/it\/2024\/12\/04\/bando-artes-et-iubilaeum-2025\/#breadcrumb"},"inLanguage":"it-IT","potentialAction":[{"@type":"ReadAction","target":["https:\/\/romeinternational.it\/it\/2024\/12\/04\/bando-artes-et-iubilaeum-2025\/"]}]},{"@type":"ImageObject","inLanguage":"it-IT","@id":"https:\/\/romeinternational.it\/it\/2024\/12\/04\/bando-artes-et-iubilaeum-2025\/#primaryimage","url":"https:\/\/romeinternational.it\/it\/wp-content\/uploads\/2024\/12\/cq5dam.web_.1280.1280.jpeg","contentUrl":"https:\/\/romeinternational.it\/it\/wp-content\/uploads\/2024\/12\/cq5dam.web_.1280.1280.jpeg","width":1280,"height":853},{"@type":"BreadcrumbList","@id":"https:\/\/romeinternational.it\/it\/2024\/12\/04\/bando-artes-et-iubilaeum-2025\/#breadcrumb","itemListElement":[{"@type":"ListItem","position":1,"name":"Home","item":"https:\/\/romeinternational.it\/it\/"},{"@type":"ListItem","position":2,"name":"Bando Artes et Iubilaeum 2025"}]},{"@type":"WebSite","@id":"https:\/\/romeinternational.it\/it\/#website","url":"https:\/\/romeinternational.it\/it\/","name":"Rome International","description":"La guida agli eventi nella capitale","publisher":{"@id":"https:\/\/romeinternational.it\/it\/#organization"},"potentialAction":[{"@type":"SearchAction","target":{"@type":"EntryPoint","urlTemplate":"https:\/\/romeinternational.it\/it\/?s={search_term_string}"},"query-input":{"@type":"PropertyValueSpecification","valueRequired":true,"valueName":"search_term_string"}}],"inLanguage":"it-IT"},{"@type":"Organization","@id":"https:\/\/romeinternational.it\/it\/#organization","name":"Planet Diplomacy srls","url":"https:\/\/romeinternational.it\/it\/","logo":{"@type":"ImageObject","inLanguage":"it-IT","@id":"https:\/\/romeinternational.it\/it\/#\/schema\/logo\/image\/","url":"https:\/\/romeinternational.it\/it\/wp-content\/uploads\/2021\/09\/Rome-Int-1440-1.png","contentUrl":"https:\/\/romeinternational.it\/it\/wp-content\/uploads\/2021\/09\/Rome-Int-1440-1.png","width":1440,"height":270,"caption":"Planet Diplomacy srls"},"image":{"@id":"https:\/\/romeinternational.it\/it\/#\/schema\/logo\/image\/"}},{"@type":"Person","@id":"https:\/\/romeinternational.it\/it\/#\/schema\/person\/9d55f71a6bc3162c2a2e59038761c045","name":"admin","url":"https:\/\/romeinternational.it\/it\/author\/diplomacy\/"}]}},"_links":{"self":[{"href":"https:\/\/romeinternational.it\/it\/wp-json\/wp\/v2\/posts\/12088","targetHints":{"allow":["GET"]}}],"collection":[{"href":"https:\/\/romeinternational.it\/it\/wp-json\/wp\/v2\/posts"}],"about":[{"href":"https:\/\/romeinternational.it\/it\/wp-json\/wp\/v2\/types\/post"}],"author":[{"embeddable":true,"href":"https:\/\/romeinternational.it\/it\/wp-json\/wp\/v2\/users\/3"}],"replies":[{"embeddable":true,"href":"https:\/\/romeinternational.it\/it\/wp-json\/wp\/v2\/comments?post=12088"}],"version-history":[{"count":1,"href":"https:\/\/romeinternational.it\/it\/wp-json\/wp\/v2\/posts\/12088\/revisions"}],"predecessor-version":[{"id":12090,"href":"https:\/\/romeinternational.it\/it\/wp-json\/wp\/v2\/posts\/12088\/revisions\/12090"}],"wp:featuredmedia":[{"embeddable":true,"href":"https:\/\/romeinternational.it\/it\/wp-json\/wp\/v2\/media\/12089"}],"wp:attachment":[{"href":"https:\/\/romeinternational.it\/it\/wp-json\/wp\/v2\/media?parent=12088"}],"wp:term":[{"taxonomy":"category","embeddable":true,"href":"https:\/\/romeinternational.it\/it\/wp-json\/wp\/v2\/categories?post=12088"},{"taxonomy":"post_tag","embeddable":true,"href":"https:\/\/romeinternational.it\/it\/wp-json\/wp\/v2\/tags?post=12088"}],"curies":[{"name":"wp","href":"https:\/\/api.w.org\/{rel}","templated":true}]}}