{"id":11916,"date":"2024-11-15T10:13:15","date_gmt":"2024-11-15T09:13:15","guid":{"rendered":"https:\/\/romeinternational.it\/it\/?p=11916"},"modified":"2024-11-15T12:27:29","modified_gmt":"2024-11-15T11:27:29","slug":"giornata-internazionale-per-i-diritti-dellinfanzia-e-delladolescenza","status":"publish","type":"post","link":"https:\/\/romeinternational.it\/it\/2024\/11\/15\/giornata-internazionale-per-i-diritti-dellinfanzia-e-delladolescenza\/","title":{"rendered":"Giornata Internazionale per i diritti dell\u2019Infanzia e dell\u2019Adolescenza"},"content":{"rendered":"\n<p>Anche quest\u2019anno Roma Capitale, Assessorato alla Cultura, Sovrintendenza Capitolina ai Beni Culturali aderisce alla <strong>Giornata Internazionale per i diritti dell\u2019Infanzia e dell\u2019Adolescenza<\/strong> con una serie di coinvolgenti iniziative in programma <strong>sabato 16 e domenica 17 novembre<\/strong>.<\/p>\n\n\n\n<p>Tra attivit\u00e0 didattiche, workshop e percorsi pensati per i pi\u00f9 giovani, spaziando dalla preistoria alla contemporaneit\u00e0, saranno tante le occasioni per divertirsi insieme e avvicinare bambini e ragazzi al variegato patrimonio storico, artistico, archeologico e naturalistico presente nei nostri musei: un viaggio tra i colori e le emozioni alla Galleria d\u2019Arte Moderna, la creazione di un proprio \u201cfiore simbolo\u201d al Museo Napoleonico, una raccolta di frutti al giardino pleistocenico del Museo di Casal de\u2019 Pazzi, un laboratorio di scrittura creativa al Museo della Repubblica Romana e della memoria garibaldina, giochi di parole e quiz ai Musei Capitolini, la storia della famiglia dell\u2019imperatore Augusto al Museo dell\u2019Ara Pacis e una speciale Arca di No\u00e8 al Museo di Roma a Palazzo Braschi. Molte delle attivit\u00e0 saranno accompagnate da un interprete in Lingua dei segni italiana.<\/p>\n\n\n\n<p><\/p>\n","protected":false},"excerpt":{"rendered":"<p>Anche quest\u2019anno Roma Capitale, Assessorato alla Cultura, Sovrintendenza Capitolina ai Beni Culturali aderisce alla Giornata Internazionale per i diritti dell\u2019Infanzia e dell\u2019Adolescenza con una serie di coinvolgenti iniziative in programma sabato 16 e domenica 17 novembre. Tra attivit\u00e0 didattiche, workshop e percorsi pensati per i pi\u00f9 giovani, spaziando dalla preistoria alla contemporaneit\u00e0, saranno tante le [&#8230;]\n","protected":false},"author":3,"featured_media":11918,"comment_status":"closed","ping_status":"closed","sticky":false,"template":"","format":"standard","meta":{"footnotes":""},"categories":[138],"tags":[139,169],"class_list":["post-11916","post","type-post","status-publish","format-standard","has-post-thumbnail","hentry","category-notizie","tag-notiziehome","tag-storia"],"yoast_head":"<!-- This site is optimized with the Yoast SEO plugin v27.3 - https:\/\/yoast.com\/product\/yoast-seo-wordpress\/ -->\n<title>Giornata Internazionale per i diritti dell\u2019Infanzia e dell\u2019Adolescenza - Rome International<\/title>\n<meta name=\"description\" content=\"Anche quest\u2019anno Roma Capitale, Assessorato alla Cultura, Sovrintendenza Capitolina ai Beni Culturali aderisce alla Giornata Internazionale per i diritti dell\u2019Infanzia e dell\u2019Adolescenza con una serie di coinvolgenti iniziative in programma sabato 16 e domenica 17 novembre.\" \/>\n<meta name=\"robots\" content=\"index, follow, max-snippet:-1, max-image-preview:large, max-video-preview:-1\" \/>\n<link rel=\"canonical\" href=\"https:\/\/romeinternational.it\/it\/2024\/11\/15\/giornata-internazionale-per-i-diritti-dellinfanzia-e-delladolescenza\/\" \/>\n<meta property=\"og:locale\" content=\"it_IT\" \/>\n<meta property=\"og:type\" content=\"article\" \/>\n<meta property=\"og:title\" content=\"Giornata Internazionale per i diritti dell\u2019Infanzia e dell\u2019Adolescenza - Rome International\" \/>\n<meta property=\"og:description\" content=\"Anche quest\u2019anno Roma Capitale, Assessorato alla Cultura, Sovrintendenza Capitolina ai Beni Culturali aderisce alla Giornata Internazionale per i diritti dell\u2019Infanzia e dell\u2019Adolescenza con una serie di coinvolgenti iniziative in programma sabato 16 e domenica 17 novembre.\" \/>\n<meta property=\"og:url\" content=\"https:\/\/romeinternational.it\/it\/2024\/11\/15\/giornata-internazionale-per-i-diritti-dellinfanzia-e-delladolescenza\/\" \/>\n<meta property=\"og:site_name\" content=\"Rome International\" \/>\n<meta property=\"article:published_time\" content=\"2024-11-15T09:13:15+00:00\" \/>\n<meta property=\"article:modified_time\" content=\"2024-11-15T11:27:29+00:00\" \/>\n<meta property=\"og:image\" content=\"https:\/\/romeinternational.it\/it\/wp-content\/uploads\/2024\/11\/Giornata-internazionale-dei-diritti-dell-infanzia-e-adolescenza.jpg\" \/>\n\t<meta property=\"og:image:width\" content=\"1300\" \/>\n\t<meta property=\"og:image:height\" content=\"836\" \/>\n\t<meta property=\"og:image:type\" content=\"image\/jpeg\" \/>\n<meta name=\"author\" content=\"admin\" \/>\n<meta name=\"twitter:card\" content=\"summary_large_image\" \/>\n<meta name=\"twitter:label1\" content=\"Scritto da\" \/>\n\t<meta name=\"twitter:data1\" content=\"admin\" \/>\n\t<meta name=\"twitter:label2\" content=\"Tempo di lettura stimato\" \/>\n\t<meta name=\"twitter:data2\" content=\"2 minuti\" \/>\n<script type=\"application\/ld+json\" class=\"yoast-schema-graph\">{\"@context\":\"https:\\\/\\\/schema.org\",\"@graph\":[{\"@type\":\"Article\",\"@id\":\"https:\\\/\\\/romeinternational.it\\\/it\\\/2024\\\/11\\\/15\\\/giornata-internazionale-per-i-diritti-dellinfanzia-e-delladolescenza\\\/#article\",\"isPartOf\":{\"@id\":\"https:\\\/\\\/romeinternational.it\\\/it\\\/2024\\\/11\\\/15\\\/giornata-internazionale-per-i-diritti-dellinfanzia-e-delladolescenza\\\/\"},\"author\":{\"name\":\"admin\",\"@id\":\"https:\\\/\\\/romeinternational.it\\\/it\\\/#\\\/schema\\\/person\\\/9d55f71a6bc3162c2a2e59038761c045\"},\"headline\":\"Giornata Internazionale per i diritti dell\u2019Infanzia e dell\u2019Adolescenza\",\"datePublished\":\"2024-11-15T09:13:15+00:00\",\"dateModified\":\"2024-11-15T11:27:29+00:00\",\"mainEntityOfPage\":{\"@id\":\"https:\\\/\\\/romeinternational.it\\\/it\\\/2024\\\/11\\\/15\\\/giornata-internazionale-per-i-diritti-dellinfanzia-e-delladolescenza\\\/\"},\"wordCount\":183,\"publisher\":{\"@id\":\"https:\\\/\\\/romeinternational.it\\\/it\\\/#organization\"},\"image\":{\"@id\":\"https:\\\/\\\/romeinternational.it\\\/it\\\/2024\\\/11\\\/15\\\/giornata-internazionale-per-i-diritti-dellinfanzia-e-delladolescenza\\\/#primaryimage\"},\"thumbnailUrl\":\"https:\\\/\\\/romeinternational.it\\\/it\\\/wp-content\\\/uploads\\\/2024\\\/11\\\/Giornata-internazionale-dei-diritti-dell-infanzia-e-adolescenza.jpg\",\"keywords\":[\"Notiziehome\",\"Storia\"],\"articleSection\":[\"Notizie\"],\"inLanguage\":\"it-IT\"},{\"@type\":\"WebPage\",\"@id\":\"https:\\\/\\\/romeinternational.it\\\/it\\\/2024\\\/11\\\/15\\\/giornata-internazionale-per-i-diritti-dellinfanzia-e-delladolescenza\\\/\",\"url\":\"https:\\\/\\\/romeinternational.it\\\/it\\\/2024\\\/11\\\/15\\\/giornata-internazionale-per-i-diritti-dellinfanzia-e-delladolescenza\\\/\",\"name\":\"Giornata Internazionale per i diritti dell\u2019Infanzia e dell\u2019Adolescenza - Rome International\",\"isPartOf\":{\"@id\":\"https:\\\/\\\/romeinternational.it\\\/it\\\/#website\"},\"primaryImageOfPage\":{\"@id\":\"https:\\\/\\\/romeinternational.it\\\/it\\\/2024\\\/11\\\/15\\\/giornata-internazionale-per-i-diritti-dellinfanzia-e-delladolescenza\\\/#primaryimage\"},\"image\":{\"@id\":\"https:\\\/\\\/romeinternational.it\\\/it\\\/2024\\\/11\\\/15\\\/giornata-internazionale-per-i-diritti-dellinfanzia-e-delladolescenza\\\/#primaryimage\"},\"thumbnailUrl\":\"https:\\\/\\\/romeinternational.it\\\/it\\\/wp-content\\\/uploads\\\/2024\\\/11\\\/Giornata-internazionale-dei-diritti-dell-infanzia-e-adolescenza.jpg\",\"datePublished\":\"2024-11-15T09:13:15+00:00\",\"dateModified\":\"2024-11-15T11:27:29+00:00\",\"description\":\"Anche quest\u2019anno Roma Capitale, Assessorato alla Cultura, Sovrintendenza Capitolina ai Beni Culturali aderisce alla Giornata Internazionale per i diritti dell\u2019Infanzia e dell\u2019Adolescenza con una serie di coinvolgenti iniziative in programma sabato 16 e domenica 17 novembre.\",\"breadcrumb\":{\"@id\":\"https:\\\/\\\/romeinternational.it\\\/it\\\/2024\\\/11\\\/15\\\/giornata-internazionale-per-i-diritti-dellinfanzia-e-delladolescenza\\\/#breadcrumb\"},\"inLanguage\":\"it-IT\",\"potentialAction\":[{\"@type\":\"ReadAction\",\"target\":[\"https:\\\/\\\/romeinternational.it\\\/it\\\/2024\\\/11\\\/15\\\/giornata-internazionale-per-i-diritti-dellinfanzia-e-delladolescenza\\\/\"]}]},{\"@type\":\"ImageObject\",\"inLanguage\":\"it-IT\",\"@id\":\"https:\\\/\\\/romeinternational.it\\\/it\\\/2024\\\/11\\\/15\\\/giornata-internazionale-per-i-diritti-dellinfanzia-e-delladolescenza\\\/#primaryimage\",\"url\":\"https:\\\/\\\/romeinternational.it\\\/it\\\/wp-content\\\/uploads\\\/2024\\\/11\\\/Giornata-internazionale-dei-diritti-dell-infanzia-e-adolescenza.jpg\",\"contentUrl\":\"https:\\\/\\\/romeinternational.it\\\/it\\\/wp-content\\\/uploads\\\/2024\\\/11\\\/Giornata-internazionale-dei-diritti-dell-infanzia-e-adolescenza.jpg\",\"width\":1300,\"height\":836},{\"@type\":\"BreadcrumbList\",\"@id\":\"https:\\\/\\\/romeinternational.it\\\/it\\\/2024\\\/11\\\/15\\\/giornata-internazionale-per-i-diritti-dellinfanzia-e-delladolescenza\\\/#breadcrumb\",\"itemListElement\":[{\"@type\":\"ListItem\",\"position\":1,\"name\":\"Home\",\"item\":\"https:\\\/\\\/romeinternational.it\\\/it\\\/\"},{\"@type\":\"ListItem\",\"position\":2,\"name\":\"Giornata Internazionale per i diritti dell\u2019Infanzia e dell\u2019Adolescenza\"}]},{\"@type\":\"WebSite\",\"@id\":\"https:\\\/\\\/romeinternational.it\\\/it\\\/#website\",\"url\":\"https:\\\/\\\/romeinternational.it\\\/it\\\/\",\"name\":\"Rome International\",\"description\":\"La guida agli eventi nella capitale\",\"publisher\":{\"@id\":\"https:\\\/\\\/romeinternational.it\\\/it\\\/#organization\"},\"potentialAction\":[{\"@type\":\"SearchAction\",\"target\":{\"@type\":\"EntryPoint\",\"urlTemplate\":\"https:\\\/\\\/romeinternational.it\\\/it\\\/?s={search_term_string}\"},\"query-input\":{\"@type\":\"PropertyValueSpecification\",\"valueRequired\":true,\"valueName\":\"search_term_string\"}}],\"inLanguage\":\"it-IT\"},{\"@type\":\"Organization\",\"@id\":\"https:\\\/\\\/romeinternational.it\\\/it\\\/#organization\",\"name\":\"Planet Diplomacy srls\",\"url\":\"https:\\\/\\\/romeinternational.it\\\/it\\\/\",\"logo\":{\"@type\":\"ImageObject\",\"inLanguage\":\"it-IT\",\"@id\":\"https:\\\/\\\/romeinternational.it\\\/it\\\/#\\\/schema\\\/logo\\\/image\\\/\",\"url\":\"https:\\\/\\\/romeinternational.it\\\/it\\\/wp-content\\\/uploads\\\/2021\\\/09\\\/Rome-Int-1440-1.png\",\"contentUrl\":\"https:\\\/\\\/romeinternational.it\\\/it\\\/wp-content\\\/uploads\\\/2021\\\/09\\\/Rome-Int-1440-1.png\",\"width\":1440,\"height\":270,\"caption\":\"Planet Diplomacy srls\"},\"image\":{\"@id\":\"https:\\\/\\\/romeinternational.it\\\/it\\\/#\\\/schema\\\/logo\\\/image\\\/\"}},{\"@type\":\"Person\",\"@id\":\"https:\\\/\\\/romeinternational.it\\\/it\\\/#\\\/schema\\\/person\\\/9d55f71a6bc3162c2a2e59038761c045\",\"name\":\"admin\",\"url\":\"https:\\\/\\\/romeinternational.it\\\/it\\\/author\\\/diplomacy\\\/\"}]}<\/script>\n<!-- \/ Yoast SEO plugin. -->","yoast_head_json":{"title":"Giornata Internazionale per i diritti dell\u2019Infanzia e dell\u2019Adolescenza - Rome International","description":"Anche quest\u2019anno Roma Capitale, Assessorato alla Cultura, Sovrintendenza Capitolina ai Beni Culturali aderisce alla Giornata Internazionale per i diritti dell\u2019Infanzia e dell\u2019Adolescenza con una serie di coinvolgenti iniziative in programma sabato 16 e domenica 17 novembre.","robots":{"index":"index","follow":"follow","max-snippet":"max-snippet:-1","max-image-preview":"max-image-preview:large","max-video-preview":"max-video-preview:-1"},"canonical":"https:\/\/romeinternational.it\/it\/2024\/11\/15\/giornata-internazionale-per-i-diritti-dellinfanzia-e-delladolescenza\/","og_locale":"it_IT","og_type":"article","og_title":"Giornata Internazionale per i diritti dell\u2019Infanzia e dell\u2019Adolescenza - Rome International","og_description":"Anche quest\u2019anno Roma Capitale, Assessorato alla Cultura, Sovrintendenza Capitolina ai Beni Culturali aderisce alla Giornata Internazionale per i diritti dell\u2019Infanzia e dell\u2019Adolescenza con una serie di coinvolgenti iniziative in programma sabato 16 e domenica 17 novembre.","og_url":"https:\/\/romeinternational.it\/it\/2024\/11\/15\/giornata-internazionale-per-i-diritti-dellinfanzia-e-delladolescenza\/","og_site_name":"Rome International","article_published_time":"2024-11-15T09:13:15+00:00","article_modified_time":"2024-11-15T11:27:29+00:00","og_image":[{"width":1300,"height":836,"url":"https:\/\/romeinternational.it\/it\/wp-content\/uploads\/2024\/11\/Giornata-internazionale-dei-diritti-dell-infanzia-e-adolescenza.jpg","type":"image\/jpeg"}],"author":"admin","twitter_card":"summary_large_image","twitter_misc":{"Scritto da":"admin","Tempo di lettura stimato":"2 minuti"},"schema":{"@context":"https:\/\/schema.org","@graph":[{"@type":"Article","@id":"https:\/\/romeinternational.it\/it\/2024\/11\/15\/giornata-internazionale-per-i-diritti-dellinfanzia-e-delladolescenza\/#article","isPartOf":{"@id":"https:\/\/romeinternational.it\/it\/2024\/11\/15\/giornata-internazionale-per-i-diritti-dellinfanzia-e-delladolescenza\/"},"author":{"name":"admin","@id":"https:\/\/romeinternational.it\/it\/#\/schema\/person\/9d55f71a6bc3162c2a2e59038761c045"},"headline":"Giornata Internazionale per i diritti dell\u2019Infanzia e dell\u2019Adolescenza","datePublished":"2024-11-15T09:13:15+00:00","dateModified":"2024-11-15T11:27:29+00:00","mainEntityOfPage":{"@id":"https:\/\/romeinternational.it\/it\/2024\/11\/15\/giornata-internazionale-per-i-diritti-dellinfanzia-e-delladolescenza\/"},"wordCount":183,"publisher":{"@id":"https:\/\/romeinternational.it\/it\/#organization"},"image":{"@id":"https:\/\/romeinternational.it\/it\/2024\/11\/15\/giornata-internazionale-per-i-diritti-dellinfanzia-e-delladolescenza\/#primaryimage"},"thumbnailUrl":"https:\/\/romeinternational.it\/it\/wp-content\/uploads\/2024\/11\/Giornata-internazionale-dei-diritti-dell-infanzia-e-adolescenza.jpg","keywords":["Notiziehome","Storia"],"articleSection":["Notizie"],"inLanguage":"it-IT"},{"@type":"WebPage","@id":"https:\/\/romeinternational.it\/it\/2024\/11\/15\/giornata-internazionale-per-i-diritti-dellinfanzia-e-delladolescenza\/","url":"https:\/\/romeinternational.it\/it\/2024\/11\/15\/giornata-internazionale-per-i-diritti-dellinfanzia-e-delladolescenza\/","name":"Giornata Internazionale per i diritti dell\u2019Infanzia e dell\u2019Adolescenza - Rome International","isPartOf":{"@id":"https:\/\/romeinternational.it\/it\/#website"},"primaryImageOfPage":{"@id":"https:\/\/romeinternational.it\/it\/2024\/11\/15\/giornata-internazionale-per-i-diritti-dellinfanzia-e-delladolescenza\/#primaryimage"},"image":{"@id":"https:\/\/romeinternational.it\/it\/2024\/11\/15\/giornata-internazionale-per-i-diritti-dellinfanzia-e-delladolescenza\/#primaryimage"},"thumbnailUrl":"https:\/\/romeinternational.it\/it\/wp-content\/uploads\/2024\/11\/Giornata-internazionale-dei-diritti-dell-infanzia-e-adolescenza.jpg","datePublished":"2024-11-15T09:13:15+00:00","dateModified":"2024-11-15T11:27:29+00:00","description":"Anche quest\u2019anno Roma Capitale, Assessorato alla Cultura, Sovrintendenza Capitolina ai Beni Culturali aderisce alla Giornata Internazionale per i diritti dell\u2019Infanzia e dell\u2019Adolescenza con una serie di coinvolgenti iniziative in programma sabato 16 e domenica 17 novembre.","breadcrumb":{"@id":"https:\/\/romeinternational.it\/it\/2024\/11\/15\/giornata-internazionale-per-i-diritti-dellinfanzia-e-delladolescenza\/#breadcrumb"},"inLanguage":"it-IT","potentialAction":[{"@type":"ReadAction","target":["https:\/\/romeinternational.it\/it\/2024\/11\/15\/giornata-internazionale-per-i-diritti-dellinfanzia-e-delladolescenza\/"]}]},{"@type":"ImageObject","inLanguage":"it-IT","@id":"https:\/\/romeinternational.it\/it\/2024\/11\/15\/giornata-internazionale-per-i-diritti-dellinfanzia-e-delladolescenza\/#primaryimage","url":"https:\/\/romeinternational.it\/it\/wp-content\/uploads\/2024\/11\/Giornata-internazionale-dei-diritti-dell-infanzia-e-adolescenza.jpg","contentUrl":"https:\/\/romeinternational.it\/it\/wp-content\/uploads\/2024\/11\/Giornata-internazionale-dei-diritti-dell-infanzia-e-adolescenza.jpg","width":1300,"height":836},{"@type":"BreadcrumbList","@id":"https:\/\/romeinternational.it\/it\/2024\/11\/15\/giornata-internazionale-per-i-diritti-dellinfanzia-e-delladolescenza\/#breadcrumb","itemListElement":[{"@type":"ListItem","position":1,"name":"Home","item":"https:\/\/romeinternational.it\/it\/"},{"@type":"ListItem","position":2,"name":"Giornata Internazionale per i diritti dell\u2019Infanzia e dell\u2019Adolescenza"}]},{"@type":"WebSite","@id":"https:\/\/romeinternational.it\/it\/#website","url":"https:\/\/romeinternational.it\/it\/","name":"Rome International","description":"La guida agli eventi nella capitale","publisher":{"@id":"https:\/\/romeinternational.it\/it\/#organization"},"potentialAction":[{"@type":"SearchAction","target":{"@type":"EntryPoint","urlTemplate":"https:\/\/romeinternational.it\/it\/?s={search_term_string}"},"query-input":{"@type":"PropertyValueSpecification","valueRequired":true,"valueName":"search_term_string"}}],"inLanguage":"it-IT"},{"@type":"Organization","@id":"https:\/\/romeinternational.it\/it\/#organization","name":"Planet Diplomacy srls","url":"https:\/\/romeinternational.it\/it\/","logo":{"@type":"ImageObject","inLanguage":"it-IT","@id":"https:\/\/romeinternational.it\/it\/#\/schema\/logo\/image\/","url":"https:\/\/romeinternational.it\/it\/wp-content\/uploads\/2021\/09\/Rome-Int-1440-1.png","contentUrl":"https:\/\/romeinternational.it\/it\/wp-content\/uploads\/2021\/09\/Rome-Int-1440-1.png","width":1440,"height":270,"caption":"Planet Diplomacy srls"},"image":{"@id":"https:\/\/romeinternational.it\/it\/#\/schema\/logo\/image\/"}},{"@type":"Person","@id":"https:\/\/romeinternational.it\/it\/#\/schema\/person\/9d55f71a6bc3162c2a2e59038761c045","name":"admin","url":"https:\/\/romeinternational.it\/it\/author\/diplomacy\/"}]}},"_links":{"self":[{"href":"https:\/\/romeinternational.it\/it\/wp-json\/wp\/v2\/posts\/11916","targetHints":{"allow":["GET"]}}],"collection":[{"href":"https:\/\/romeinternational.it\/it\/wp-json\/wp\/v2\/posts"}],"about":[{"href":"https:\/\/romeinternational.it\/it\/wp-json\/wp\/v2\/types\/post"}],"author":[{"embeddable":true,"href":"https:\/\/romeinternational.it\/it\/wp-json\/wp\/v2\/users\/3"}],"replies":[{"embeddable":true,"href":"https:\/\/romeinternational.it\/it\/wp-json\/wp\/v2\/comments?post=11916"}],"version-history":[{"count":2,"href":"https:\/\/romeinternational.it\/it\/wp-json\/wp\/v2\/posts\/11916\/revisions"}],"predecessor-version":[{"id":11919,"href":"https:\/\/romeinternational.it\/it\/wp-json\/wp\/v2\/posts\/11916\/revisions\/11919"}],"wp:featuredmedia":[{"embeddable":true,"href":"https:\/\/romeinternational.it\/it\/wp-json\/wp\/v2\/media\/11918"}],"wp:attachment":[{"href":"https:\/\/romeinternational.it\/it\/wp-json\/wp\/v2\/media?parent=11916"}],"wp:term":[{"taxonomy":"category","embeddable":true,"href":"https:\/\/romeinternational.it\/it\/wp-json\/wp\/v2\/categories?post=11916"},{"taxonomy":"post_tag","embeddable":true,"href":"https:\/\/romeinternational.it\/it\/wp-json\/wp\/v2\/tags?post=11916"}],"curies":[{"name":"wp","href":"https:\/\/api.w.org\/{rel}","templated":true}]}}