{"id":11734,"date":"2024-10-04T10:19:19","date_gmt":"2024-10-04T08:19:19","guid":{"rendered":"https:\/\/romeinternational.it\/it\/?p=11734"},"modified":"2024-10-04T10:21:56","modified_gmt":"2024-10-04T08:21:56","slug":"presentate-le-lettere-credenziali-di-6-paesi","status":"publish","type":"post","link":"https:\/\/romeinternational.it\/it\/2024\/10\/04\/presentate-le-lettere-credenziali-di-6-paesi\/","title":{"rendered":"Presentate le Lettere Credenziali di 6 Paesi"},"content":{"rendered":"\n<p>Il Presidente della Repubblica, Sergio Mattarella, ha ricevuto nel pomeriggio del 2 ottobre al Quirinale, in separate udienze, la presentazione delle Lettere Credenziali, di 6 nuovi Ambasciatori:<br><br><strong>S.E. Mohamed Khelifi,<\/strong> <em>Repubblica Algerina Democratica e Popolare;<\/em><br><strong>S.E. Mar\u00eda Jos\u00e9 Arga\u00f1a Mateu<\/strong>, <em>Repubblica del Paraguay<\/em>;<br><strong>S.E. Lauri Bambus<\/strong>, <em>Repubblica di Estonia;<\/em><br><strong>S.E. Nita Shala<\/strong>, <em>Repubblica del Kosovo<\/em>;<br><strong>S.E. Christophe Schiltz<\/strong>, <em>Granducato di Lussemburgo;<\/em><br><strong>S.E. A.T.M. Rokebul Haque<\/strong>, <em>Repubblica Popolare del Bangladesh.<\/em><\/p>\n\n\n\n<p>Era presente il Vice Ministro degli Affari Esteri e della Cooperazione Internazionale Edmondo Cirielli.<\/p>\n\n\n\n<figure class=\"wp-block-gallery has-nested-images columns-default is-cropped wp-block-gallery-1 is-layout-flex wp-block-gallery-is-layout-flex\">\n<figure class=\"wp-block-image size-large\"><img loading=\"lazy\" decoding=\"async\" width=\"1024\" height=\"683\" data-id=\"11735\" src=\"https:\/\/romeinternational.it\/it\/wp-content\/uploads\/2024\/10\/Algeria-1024x683.jpg\" alt=\"\" class=\"wp-image-11735\" srcset=\"https:\/\/romeinternational.it\/it\/wp-content\/uploads\/2024\/10\/Algeria-1024x683.jpg 1024w, https:\/\/romeinternational.it\/it\/wp-content\/uploads\/2024\/10\/Algeria-300x200.jpg 300w, https:\/\/romeinternational.it\/it\/wp-content\/uploads\/2024\/10\/Algeria-150x100.jpg 150w, https:\/\/romeinternational.it\/it\/wp-content\/uploads\/2024\/10\/Algeria-768x512.jpg 768w, https:\/\/romeinternational.it\/it\/wp-content\/uploads\/2024\/10\/Algeria-391x260.jpg 391w, https:\/\/romeinternational.it\/it\/wp-content\/uploads\/2024\/10\/Algeria-1536x1024.jpg 1536w, https:\/\/romeinternational.it\/it\/wp-content\/uploads\/2024\/10\/Algeria-696x464.jpg 696w, https:\/\/romeinternational.it\/it\/wp-content\/uploads\/2024\/10\/Algeria-1068x712.jpg 1068w, https:\/\/romeinternational.it\/it\/wp-content\/uploads\/2024\/10\/Algeria.jpg 1620w\" sizes=\"auto, (max-width: 1024px) 100vw, 1024px\" \/><\/figure>\n\n\n\n<figure class=\"wp-block-image size-large\"><img loading=\"lazy\" decoding=\"async\" width=\"1024\" height=\"683\" data-id=\"11736\" src=\"https:\/\/romeinternational.it\/it\/wp-content\/uploads\/2024\/10\/bangladesh-1024x683.jpg\" alt=\"\" class=\"wp-image-11736\" srcset=\"https:\/\/romeinternational.it\/it\/wp-content\/uploads\/2024\/10\/bangladesh-1024x683.jpg 1024w, https:\/\/romeinternational.it\/it\/wp-content\/uploads\/2024\/10\/bangladesh-300x200.jpg 300w, https:\/\/romeinternational.it\/it\/wp-content\/uploads\/2024\/10\/bangladesh-150x100.jpg 150w, https:\/\/romeinternational.it\/it\/wp-content\/uploads\/2024\/10\/bangladesh-768x512.jpg 768w, https:\/\/romeinternational.it\/it\/wp-content\/uploads\/2024\/10\/bangladesh-391x260.jpg 391w, https:\/\/romeinternational.it\/it\/wp-content\/uploads\/2024\/10\/bangladesh-1536x1024.jpg 1536w, https:\/\/romeinternational.it\/it\/wp-content\/uploads\/2024\/10\/bangladesh-696x464.jpg 696w, https:\/\/romeinternational.it\/it\/wp-content\/uploads\/2024\/10\/bangladesh-1068x712.jpg 1068w, https:\/\/romeinternational.it\/it\/wp-content\/uploads\/2024\/10\/bangladesh.jpg 1620w\" sizes=\"auto, (max-width: 1024px) 100vw, 1024px\" \/><\/figure>\n\n\n\n<figure class=\"wp-block-image size-large\"><img loading=\"lazy\" decoding=\"async\" width=\"1024\" height=\"683\" data-id=\"11738\" src=\"https:\/\/romeinternational.it\/it\/wp-content\/uploads\/2024\/10\/Estonia-1024x683.jpg\" alt=\"\" class=\"wp-image-11738\" srcset=\"https:\/\/romeinternational.it\/it\/wp-content\/uploads\/2024\/10\/Estonia-1024x683.jpg 1024w, https:\/\/romeinternational.it\/it\/wp-content\/uploads\/2024\/10\/Estonia-300x200.jpg 300w, https:\/\/romeinternational.it\/it\/wp-content\/uploads\/2024\/10\/Estonia-150x100.jpg 150w, https:\/\/romeinternational.it\/it\/wp-content\/uploads\/2024\/10\/Estonia-768x512.jpg 768w, https:\/\/romeinternational.it\/it\/wp-content\/uploads\/2024\/10\/Estonia-391x260.jpg 391w, https:\/\/romeinternational.it\/it\/wp-content\/uploads\/2024\/10\/Estonia-1536x1024.jpg 1536w, https:\/\/romeinternational.it\/it\/wp-content\/uploads\/2024\/10\/Estonia-696x464.jpg 696w, https:\/\/romeinternational.it\/it\/wp-content\/uploads\/2024\/10\/Estonia-1068x712.jpg 1068w, https:\/\/romeinternational.it\/it\/wp-content\/uploads\/2024\/10\/Estonia.jpg 1620w\" sizes=\"auto, (max-width: 1024px) 100vw, 1024px\" \/><\/figure>\n\n\n\n<figure class=\"wp-block-image size-large\"><img loading=\"lazy\" decoding=\"async\" width=\"1024\" height=\"683\" data-id=\"11737\" src=\"https:\/\/romeinternational.it\/it\/wp-content\/uploads\/2024\/10\/Kosovo-1024x683.jpg\" alt=\"\" class=\"wp-image-11737\" srcset=\"https:\/\/romeinternational.it\/it\/wp-content\/uploads\/2024\/10\/Kosovo-1024x683.jpg 1024w, https:\/\/romeinternational.it\/it\/wp-content\/uploads\/2024\/10\/Kosovo-300x200.jpg 300w, https:\/\/romeinternational.it\/it\/wp-content\/uploads\/2024\/10\/Kosovo-150x100.jpg 150w, https:\/\/romeinternational.it\/it\/wp-content\/uploads\/2024\/10\/Kosovo-768x512.jpg 768w, https:\/\/romeinternational.it\/it\/wp-content\/uploads\/2024\/10\/Kosovo-391x260.jpg 391w, https:\/\/romeinternational.it\/it\/wp-content\/uploads\/2024\/10\/Kosovo-1536x1024.jpg 1536w, https:\/\/romeinternational.it\/it\/wp-content\/uploads\/2024\/10\/Kosovo-696x464.jpg 696w, https:\/\/romeinternational.it\/it\/wp-content\/uploads\/2024\/10\/Kosovo-1068x712.jpg 1068w, https:\/\/romeinternational.it\/it\/wp-content\/uploads\/2024\/10\/Kosovo.jpg 1620w\" sizes=\"auto, (max-width: 1024px) 100vw, 1024px\" \/><\/figure>\n\n\n\n<figure class=\"wp-block-image size-large\"><img loading=\"lazy\" decoding=\"async\" width=\"1024\" height=\"683\" data-id=\"11739\" src=\"https:\/\/romeinternational.it\/it\/wp-content\/uploads\/2024\/10\/Lussemburgo-1024x683.jpg\" alt=\"\" class=\"wp-image-11739\" srcset=\"https:\/\/romeinternational.it\/it\/wp-content\/uploads\/2024\/10\/Lussemburgo-1024x683.jpg 1024w, https:\/\/romeinternational.it\/it\/wp-content\/uploads\/2024\/10\/Lussemburgo-300x200.jpg 300w, https:\/\/romeinternational.it\/it\/wp-content\/uploads\/2024\/10\/Lussemburgo-150x100.jpg 150w, https:\/\/romeinternational.it\/it\/wp-content\/uploads\/2024\/10\/Lussemburgo-768x512.jpg 768w, https:\/\/romeinternational.it\/it\/wp-content\/uploads\/2024\/10\/Lussemburgo-391x260.jpg 391w, https:\/\/romeinternational.it\/it\/wp-content\/uploads\/2024\/10\/Lussemburgo-1536x1024.jpg 1536w, https:\/\/romeinternational.it\/it\/wp-content\/uploads\/2024\/10\/Lussemburgo-696x464.jpg 696w, https:\/\/romeinternational.it\/it\/wp-content\/uploads\/2024\/10\/Lussemburgo-1068x712.jpg 1068w, https:\/\/romeinternational.it\/it\/wp-content\/uploads\/2024\/10\/Lussemburgo.jpg 1620w\" sizes=\"auto, (max-width: 1024px) 100vw, 1024px\" \/><\/figure>\n\n\n\n<figure class=\"wp-block-image size-large\"><img loading=\"lazy\" decoding=\"async\" width=\"1024\" height=\"683\" data-id=\"11740\" src=\"https:\/\/romeinternational.it\/it\/wp-content\/uploads\/2024\/10\/Paraguay-1024x683.jpg\" alt=\"\" class=\"wp-image-11740\" srcset=\"https:\/\/romeinternational.it\/it\/wp-content\/uploads\/2024\/10\/Paraguay-1024x683.jpg 1024w, https:\/\/romeinternational.it\/it\/wp-content\/uploads\/2024\/10\/Paraguay-300x200.jpg 300w, https:\/\/romeinternational.it\/it\/wp-content\/uploads\/2024\/10\/Paraguay-150x100.jpg 150w, https:\/\/romeinternational.it\/it\/wp-content\/uploads\/2024\/10\/Paraguay-768x512.jpg 768w, https:\/\/romeinternational.it\/it\/wp-content\/uploads\/2024\/10\/Paraguay-391x260.jpg 391w, https:\/\/romeinternational.it\/it\/wp-content\/uploads\/2024\/10\/Paraguay-1536x1024.jpg 1536w, https:\/\/romeinternational.it\/it\/wp-content\/uploads\/2024\/10\/Paraguay-696x464.jpg 696w, https:\/\/romeinternational.it\/it\/wp-content\/uploads\/2024\/10\/Paraguay-1068x712.jpg 1068w, https:\/\/romeinternational.it\/it\/wp-content\/uploads\/2024\/10\/Paraguay.jpg 1620w\" sizes=\"auto, (max-width: 1024px) 100vw, 1024px\" \/><\/figure>\n<\/figure>\n","protected":false},"excerpt":{"rendered":"<p>Il Presidente della Repubblica, Sergio Mattarella, ha ricevuto nel pomeriggio del 2 ottobre al Quirinale, in separate udienze, la presentazione delle Lettere Credenziali, di 6 nuovi Ambasciatori: S.E. Mohamed Khelifi, Repubblica Algerina Democratica e Popolare;S.E. Mar\u00eda Jos\u00e9 Arga\u00f1a Mateu, Repubblica del Paraguay;S.E. Lauri Bambus, Repubblica di Estonia;S.E. Nita Shala, Repubblica del Kosovo;S.E. Christophe Schiltz, Granducato [&#8230;]\n","protected":false},"author":3,"featured_media":11741,"comment_status":"closed","ping_status":"closed","sticky":false,"template":"","format":"standard","meta":{"footnotes":""},"categories":[138],"tags":[1519,139],"class_list":["post-11734","post","type-post","status-publish","format-standard","has-post-thumbnail","hentry","category-notizie","tag-lettere-credenziali","tag-notiziehome"],"yoast_head":"<!-- This site is optimized with the Yoast SEO plugin v27.3 - https:\/\/yoast.com\/product\/yoast-seo-wordpress\/ -->\n<title>Presentate le Lettere Credenziali di 6 Paesi - Rome International<\/title>\n<meta name=\"description\" content=\"Il Presidente della Repubblica, Sergio Mattarella, ha ricevuto nel pomeriggio del 2 ottobre al Quirinale, in separate udienze, la presentazione delle Lettere Credenziali, di 6 nuovi Ambasciatori:\" \/>\n<meta name=\"robots\" content=\"index, follow, max-snippet:-1, max-image-preview:large, max-video-preview:-1\" \/>\n<link rel=\"canonical\" href=\"https:\/\/romeinternational.it\/it\/2024\/10\/04\/presentate-le-lettere-credenziali-di-6-paesi\/\" \/>\n<meta property=\"og:locale\" content=\"it_IT\" \/>\n<meta property=\"og:type\" content=\"article\" \/>\n<meta property=\"og:title\" content=\"Presentate le Lettere Credenziali di 6 Paesi - Rome International\" \/>\n<meta property=\"og:description\" content=\"Il Presidente della Repubblica, Sergio Mattarella, ha ricevuto nel pomeriggio del 2 ottobre al Quirinale, in separate udienze, la presentazione delle Lettere Credenziali, di 6 nuovi Ambasciatori:\" \/>\n<meta property=\"og:url\" content=\"https:\/\/romeinternational.it\/it\/2024\/10\/04\/presentate-le-lettere-credenziali-di-6-paesi\/\" \/>\n<meta property=\"og:site_name\" content=\"Rome International\" \/>\n<meta property=\"article:published_time\" content=\"2024-10-04T08:19:19+00:00\" \/>\n<meta property=\"article:modified_time\" content=\"2024-10-04T08:21:56+00:00\" \/>\n<meta property=\"og:image\" content=\"https:\/\/romeinternational.it\/it\/wp-content\/uploads\/2024\/10\/Algeria-1.jpg\" \/>\n\t<meta property=\"og:image:width\" content=\"1620\" \/>\n\t<meta property=\"og:image:height\" content=\"1080\" \/>\n\t<meta property=\"og:image:type\" content=\"image\/jpeg\" \/>\n<meta name=\"author\" content=\"admin\" \/>\n<meta name=\"twitter:card\" content=\"summary_large_image\" \/>\n<meta name=\"twitter:label1\" content=\"Scritto da\" \/>\n\t<meta name=\"twitter:data1\" content=\"admin\" \/>\n\t<meta name=\"twitter:label2\" content=\"Tempo di lettura stimato\" \/>\n\t<meta name=\"twitter:data2\" content=\"2 minuti\" \/>\n<script type=\"application\/ld+json\" class=\"yoast-schema-graph\">{\"@context\":\"https:\\\/\\\/schema.org\",\"@graph\":[{\"@type\":\"Article\",\"@id\":\"https:\\\/\\\/romeinternational.it\\\/it\\\/2024\\\/10\\\/04\\\/presentate-le-lettere-credenziali-di-6-paesi\\\/#article\",\"isPartOf\":{\"@id\":\"https:\\\/\\\/romeinternational.it\\\/it\\\/2024\\\/10\\\/04\\\/presentate-le-lettere-credenziali-di-6-paesi\\\/\"},\"author\":{\"name\":\"admin\",\"@id\":\"https:\\\/\\\/romeinternational.it\\\/it\\\/#\\\/schema\\\/person\\\/9d55f71a6bc3162c2a2e59038761c045\"},\"headline\":\"Presentate le Lettere Credenziali di 6 Paesi\",\"datePublished\":\"2024-10-04T08:19:19+00:00\",\"dateModified\":\"2024-10-04T08:21:56+00:00\",\"mainEntityOfPage\":{\"@id\":\"https:\\\/\\\/romeinternational.it\\\/it\\\/2024\\\/10\\\/04\\\/presentate-le-lettere-credenziali-di-6-paesi\\\/\"},\"wordCount\":97,\"publisher\":{\"@id\":\"https:\\\/\\\/romeinternational.it\\\/it\\\/#organization\"},\"image\":{\"@id\":\"https:\\\/\\\/romeinternational.it\\\/it\\\/2024\\\/10\\\/04\\\/presentate-le-lettere-credenziali-di-6-paesi\\\/#primaryimage\"},\"thumbnailUrl\":\"https:\\\/\\\/romeinternational.it\\\/it\\\/wp-content\\\/uploads\\\/2024\\\/10\\\/Algeria-1.jpg\",\"keywords\":[\"Lettere Credenziali\",\"Notiziehome\"],\"articleSection\":[\"Notizie\"],\"inLanguage\":\"it-IT\"},{\"@type\":\"WebPage\",\"@id\":\"https:\\\/\\\/romeinternational.it\\\/it\\\/2024\\\/10\\\/04\\\/presentate-le-lettere-credenziali-di-6-paesi\\\/\",\"url\":\"https:\\\/\\\/romeinternational.it\\\/it\\\/2024\\\/10\\\/04\\\/presentate-le-lettere-credenziali-di-6-paesi\\\/\",\"name\":\"Presentate le Lettere Credenziali di 6 Paesi - Rome International\",\"isPartOf\":{\"@id\":\"https:\\\/\\\/romeinternational.it\\\/it\\\/#website\"},\"primaryImageOfPage\":{\"@id\":\"https:\\\/\\\/romeinternational.it\\\/it\\\/2024\\\/10\\\/04\\\/presentate-le-lettere-credenziali-di-6-paesi\\\/#primaryimage\"},\"image\":{\"@id\":\"https:\\\/\\\/romeinternational.it\\\/it\\\/2024\\\/10\\\/04\\\/presentate-le-lettere-credenziali-di-6-paesi\\\/#primaryimage\"},\"thumbnailUrl\":\"https:\\\/\\\/romeinternational.it\\\/it\\\/wp-content\\\/uploads\\\/2024\\\/10\\\/Algeria-1.jpg\",\"datePublished\":\"2024-10-04T08:19:19+00:00\",\"dateModified\":\"2024-10-04T08:21:56+00:00\",\"description\":\"Il Presidente della Repubblica, Sergio Mattarella, ha ricevuto nel pomeriggio del 2 ottobre al Quirinale, in separate udienze, la presentazione delle Lettere Credenziali, di 6 nuovi Ambasciatori:\",\"breadcrumb\":{\"@id\":\"https:\\\/\\\/romeinternational.it\\\/it\\\/2024\\\/10\\\/04\\\/presentate-le-lettere-credenziali-di-6-paesi\\\/#breadcrumb\"},\"inLanguage\":\"it-IT\",\"potentialAction\":[{\"@type\":\"ReadAction\",\"target\":[\"https:\\\/\\\/romeinternational.it\\\/it\\\/2024\\\/10\\\/04\\\/presentate-le-lettere-credenziali-di-6-paesi\\\/\"]}]},{\"@type\":\"ImageObject\",\"inLanguage\":\"it-IT\",\"@id\":\"https:\\\/\\\/romeinternational.it\\\/it\\\/2024\\\/10\\\/04\\\/presentate-le-lettere-credenziali-di-6-paesi\\\/#primaryimage\",\"url\":\"https:\\\/\\\/romeinternational.it\\\/it\\\/wp-content\\\/uploads\\\/2024\\\/10\\\/Algeria-1.jpg\",\"contentUrl\":\"https:\\\/\\\/romeinternational.it\\\/it\\\/wp-content\\\/uploads\\\/2024\\\/10\\\/Algeria-1.jpg\",\"width\":1620,\"height\":1080},{\"@type\":\"BreadcrumbList\",\"@id\":\"https:\\\/\\\/romeinternational.it\\\/it\\\/2024\\\/10\\\/04\\\/presentate-le-lettere-credenziali-di-6-paesi\\\/#breadcrumb\",\"itemListElement\":[{\"@type\":\"ListItem\",\"position\":1,\"name\":\"Home\",\"item\":\"https:\\\/\\\/romeinternational.it\\\/it\\\/\"},{\"@type\":\"ListItem\",\"position\":2,\"name\":\"Presentate le Lettere Credenziali di 6 Paesi\"}]},{\"@type\":\"WebSite\",\"@id\":\"https:\\\/\\\/romeinternational.it\\\/it\\\/#website\",\"url\":\"https:\\\/\\\/romeinternational.it\\\/it\\\/\",\"name\":\"Rome International\",\"description\":\"La guida agli eventi nella capitale\",\"publisher\":{\"@id\":\"https:\\\/\\\/romeinternational.it\\\/it\\\/#organization\"},\"potentialAction\":[{\"@type\":\"SearchAction\",\"target\":{\"@type\":\"EntryPoint\",\"urlTemplate\":\"https:\\\/\\\/romeinternational.it\\\/it\\\/?s={search_term_string}\"},\"query-input\":{\"@type\":\"PropertyValueSpecification\",\"valueRequired\":true,\"valueName\":\"search_term_string\"}}],\"inLanguage\":\"it-IT\"},{\"@type\":\"Organization\",\"@id\":\"https:\\\/\\\/romeinternational.it\\\/it\\\/#organization\",\"name\":\"Planet Diplomacy srls\",\"url\":\"https:\\\/\\\/romeinternational.it\\\/it\\\/\",\"logo\":{\"@type\":\"ImageObject\",\"inLanguage\":\"it-IT\",\"@id\":\"https:\\\/\\\/romeinternational.it\\\/it\\\/#\\\/schema\\\/logo\\\/image\\\/\",\"url\":\"https:\\\/\\\/romeinternational.it\\\/it\\\/wp-content\\\/uploads\\\/2021\\\/09\\\/Rome-Int-1440-1.png\",\"contentUrl\":\"https:\\\/\\\/romeinternational.it\\\/it\\\/wp-content\\\/uploads\\\/2021\\\/09\\\/Rome-Int-1440-1.png\",\"width\":1440,\"height\":270,\"caption\":\"Planet Diplomacy srls\"},\"image\":{\"@id\":\"https:\\\/\\\/romeinternational.it\\\/it\\\/#\\\/schema\\\/logo\\\/image\\\/\"}},{\"@type\":\"Person\",\"@id\":\"https:\\\/\\\/romeinternational.it\\\/it\\\/#\\\/schema\\\/person\\\/9d55f71a6bc3162c2a2e59038761c045\",\"name\":\"admin\",\"url\":\"https:\\\/\\\/romeinternational.it\\\/it\\\/author\\\/diplomacy\\\/\"}]}<\/script>\n<!-- \/ Yoast SEO plugin. -->","yoast_head_json":{"title":"Presentate le Lettere Credenziali di 6 Paesi - Rome International","description":"Il Presidente della Repubblica, Sergio Mattarella, ha ricevuto nel pomeriggio del 2 ottobre al Quirinale, in separate udienze, la presentazione delle Lettere Credenziali, di 6 nuovi Ambasciatori:","robots":{"index":"index","follow":"follow","max-snippet":"max-snippet:-1","max-image-preview":"max-image-preview:large","max-video-preview":"max-video-preview:-1"},"canonical":"https:\/\/romeinternational.it\/it\/2024\/10\/04\/presentate-le-lettere-credenziali-di-6-paesi\/","og_locale":"it_IT","og_type":"article","og_title":"Presentate le Lettere Credenziali di 6 Paesi - Rome International","og_description":"Il Presidente della Repubblica, Sergio Mattarella, ha ricevuto nel pomeriggio del 2 ottobre al Quirinale, in separate udienze, la presentazione delle Lettere Credenziali, di 6 nuovi Ambasciatori:","og_url":"https:\/\/romeinternational.it\/it\/2024\/10\/04\/presentate-le-lettere-credenziali-di-6-paesi\/","og_site_name":"Rome International","article_published_time":"2024-10-04T08:19:19+00:00","article_modified_time":"2024-10-04T08:21:56+00:00","og_image":[{"width":1620,"height":1080,"url":"https:\/\/romeinternational.it\/it\/wp-content\/uploads\/2024\/10\/Algeria-1.jpg","type":"image\/jpeg"}],"author":"admin","twitter_card":"summary_large_image","twitter_misc":{"Scritto da":"admin","Tempo di lettura stimato":"2 minuti"},"schema":{"@context":"https:\/\/schema.org","@graph":[{"@type":"Article","@id":"https:\/\/romeinternational.it\/it\/2024\/10\/04\/presentate-le-lettere-credenziali-di-6-paesi\/#article","isPartOf":{"@id":"https:\/\/romeinternational.it\/it\/2024\/10\/04\/presentate-le-lettere-credenziali-di-6-paesi\/"},"author":{"name":"admin","@id":"https:\/\/romeinternational.it\/it\/#\/schema\/person\/9d55f71a6bc3162c2a2e59038761c045"},"headline":"Presentate le Lettere Credenziali di 6 Paesi","datePublished":"2024-10-04T08:19:19+00:00","dateModified":"2024-10-04T08:21:56+00:00","mainEntityOfPage":{"@id":"https:\/\/romeinternational.it\/it\/2024\/10\/04\/presentate-le-lettere-credenziali-di-6-paesi\/"},"wordCount":97,"publisher":{"@id":"https:\/\/romeinternational.it\/it\/#organization"},"image":{"@id":"https:\/\/romeinternational.it\/it\/2024\/10\/04\/presentate-le-lettere-credenziali-di-6-paesi\/#primaryimage"},"thumbnailUrl":"https:\/\/romeinternational.it\/it\/wp-content\/uploads\/2024\/10\/Algeria-1.jpg","keywords":["Lettere Credenziali","Notiziehome"],"articleSection":["Notizie"],"inLanguage":"it-IT"},{"@type":"WebPage","@id":"https:\/\/romeinternational.it\/it\/2024\/10\/04\/presentate-le-lettere-credenziali-di-6-paesi\/","url":"https:\/\/romeinternational.it\/it\/2024\/10\/04\/presentate-le-lettere-credenziali-di-6-paesi\/","name":"Presentate le Lettere Credenziali di 6 Paesi - Rome International","isPartOf":{"@id":"https:\/\/romeinternational.it\/it\/#website"},"primaryImageOfPage":{"@id":"https:\/\/romeinternational.it\/it\/2024\/10\/04\/presentate-le-lettere-credenziali-di-6-paesi\/#primaryimage"},"image":{"@id":"https:\/\/romeinternational.it\/it\/2024\/10\/04\/presentate-le-lettere-credenziali-di-6-paesi\/#primaryimage"},"thumbnailUrl":"https:\/\/romeinternational.it\/it\/wp-content\/uploads\/2024\/10\/Algeria-1.jpg","datePublished":"2024-10-04T08:19:19+00:00","dateModified":"2024-10-04T08:21:56+00:00","description":"Il Presidente della Repubblica, Sergio Mattarella, ha ricevuto nel pomeriggio del 2 ottobre al Quirinale, in separate udienze, la presentazione delle Lettere Credenziali, di 6 nuovi Ambasciatori:","breadcrumb":{"@id":"https:\/\/romeinternational.it\/it\/2024\/10\/04\/presentate-le-lettere-credenziali-di-6-paesi\/#breadcrumb"},"inLanguage":"it-IT","potentialAction":[{"@type":"ReadAction","target":["https:\/\/romeinternational.it\/it\/2024\/10\/04\/presentate-le-lettere-credenziali-di-6-paesi\/"]}]},{"@type":"ImageObject","inLanguage":"it-IT","@id":"https:\/\/romeinternational.it\/it\/2024\/10\/04\/presentate-le-lettere-credenziali-di-6-paesi\/#primaryimage","url":"https:\/\/romeinternational.it\/it\/wp-content\/uploads\/2024\/10\/Algeria-1.jpg","contentUrl":"https:\/\/romeinternational.it\/it\/wp-content\/uploads\/2024\/10\/Algeria-1.jpg","width":1620,"height":1080},{"@type":"BreadcrumbList","@id":"https:\/\/romeinternational.it\/it\/2024\/10\/04\/presentate-le-lettere-credenziali-di-6-paesi\/#breadcrumb","itemListElement":[{"@type":"ListItem","position":1,"name":"Home","item":"https:\/\/romeinternational.it\/it\/"},{"@type":"ListItem","position":2,"name":"Presentate le Lettere Credenziali di 6 Paesi"}]},{"@type":"WebSite","@id":"https:\/\/romeinternational.it\/it\/#website","url":"https:\/\/romeinternational.it\/it\/","name":"Rome International","description":"La guida agli eventi nella capitale","publisher":{"@id":"https:\/\/romeinternational.it\/it\/#organization"},"potentialAction":[{"@type":"SearchAction","target":{"@type":"EntryPoint","urlTemplate":"https:\/\/romeinternational.it\/it\/?s={search_term_string}"},"query-input":{"@type":"PropertyValueSpecification","valueRequired":true,"valueName":"search_term_string"}}],"inLanguage":"it-IT"},{"@type":"Organization","@id":"https:\/\/romeinternational.it\/it\/#organization","name":"Planet Diplomacy srls","url":"https:\/\/romeinternational.it\/it\/","logo":{"@type":"ImageObject","inLanguage":"it-IT","@id":"https:\/\/romeinternational.it\/it\/#\/schema\/logo\/image\/","url":"https:\/\/romeinternational.it\/it\/wp-content\/uploads\/2021\/09\/Rome-Int-1440-1.png","contentUrl":"https:\/\/romeinternational.it\/it\/wp-content\/uploads\/2021\/09\/Rome-Int-1440-1.png","width":1440,"height":270,"caption":"Planet Diplomacy srls"},"image":{"@id":"https:\/\/romeinternational.it\/it\/#\/schema\/logo\/image\/"}},{"@type":"Person","@id":"https:\/\/romeinternational.it\/it\/#\/schema\/person\/9d55f71a6bc3162c2a2e59038761c045","name":"admin","url":"https:\/\/romeinternational.it\/it\/author\/diplomacy\/"}]}},"_links":{"self":[{"href":"https:\/\/romeinternational.it\/it\/wp-json\/wp\/v2\/posts\/11734","targetHints":{"allow":["GET"]}}],"collection":[{"href":"https:\/\/romeinternational.it\/it\/wp-json\/wp\/v2\/posts"}],"about":[{"href":"https:\/\/romeinternational.it\/it\/wp-json\/wp\/v2\/types\/post"}],"author":[{"embeddable":true,"href":"https:\/\/romeinternational.it\/it\/wp-json\/wp\/v2\/users\/3"}],"replies":[{"embeddable":true,"href":"https:\/\/romeinternational.it\/it\/wp-json\/wp\/v2\/comments?post=11734"}],"version-history":[{"count":1,"href":"https:\/\/romeinternational.it\/it\/wp-json\/wp\/v2\/posts\/11734\/revisions"}],"predecessor-version":[{"id":11742,"href":"https:\/\/romeinternational.it\/it\/wp-json\/wp\/v2\/posts\/11734\/revisions\/11742"}],"wp:featuredmedia":[{"embeddable":true,"href":"https:\/\/romeinternational.it\/it\/wp-json\/wp\/v2\/media\/11741"}],"wp:attachment":[{"href":"https:\/\/romeinternational.it\/it\/wp-json\/wp\/v2\/media?parent=11734"}],"wp:term":[{"taxonomy":"category","embeddable":true,"href":"https:\/\/romeinternational.it\/it\/wp-json\/wp\/v2\/categories?post=11734"},{"taxonomy":"post_tag","embeddable":true,"href":"https:\/\/romeinternational.it\/it\/wp-json\/wp\/v2\/tags?post=11734"}],"curies":[{"name":"wp","href":"https:\/\/api.w.org\/{rel}","templated":true}]}}